{"id":18748,"date":"2022-09-14T18:33:01","date_gmt":"2022-09-14T18:33:01","guid":{"rendered":"https:\/\/theglobalwizards.com\/?p=18748"},"modified":"2025-06-13T09:23:15","modified_gmt":"2025-06-13T09:23:15","slug":"onze-gids-voor-de-ardennen-in-frankrijk-4-dagen-rondreis","status":"publish","type":"post","link":"https:\/\/theglobalwizards.com\/nl\/onze-gids-voor-de-ardennen-in-frankrijk-4-dagen-rondreis\/","title":{"rendered":"De Ardennen in Frankrijk Gids: onze 4- dagen rondreis"},"content":{"rendered":"\n<h2 class=\"wp-block-heading\" id=\"h-bezoek-de-franse-ardennen-slow-travel-in-frankrijk\"><span class=\"ez-toc-section\" id=\"bezoek_de_franse_ardennen_slow_travel_in_frankrijk\"><\/span>Bezoek de Franse Ardennen: slow travel in Frankrijk<span class=\"ez-toc-section-end\"><\/span><\/h2>\n\n\n\n<p>Ben je op zoek naar <strong>een leuke trip in Frankrijk?<\/strong> Heb je al eens gedacht aan de <strong>Franse Ardennen?<\/strong> Hou je van <strong>slow travel<\/strong>, dan is dit misschien wel een leuke bestemming met heel wat <strong>lokale<\/strong> en <strong>authentieke<\/strong> ervaringen. Je zal ongetwijfeld gecharmeerd zijn door de Ardennen. <\/p><div id=\"ez-toc-container\" class=\"ez-toc-v2_0_76 ez-toc-wrap-left counter-hierarchy ez-toc-counter ez-toc-transparent ez-toc-container-direction\">\n<div class=\"ez-toc-title-container\">\n<p class=\"ez-toc-title ez-toc-toggle\" style=\"cursor:pointer\">Table of Contents<\/p>\n<span class=\"ez-toc-title-toggle\"><a href=\"#\" class=\"ez-toc-pull-right ez-toc-btn ez-toc-btn-xs ez-toc-btn-default ez-toc-toggle\" aria-label=\"Toggle tabel met inhoud\"><span class=\"ez-toc-js-icon-con\"><span class=\"\"><span class=\"eztoc-hide\" style=\"display:none;\">Toggle<\/span><span class=\"ez-toc-icon-toggle-span\"><svg style=\"fill: #999;color:#999\" xmlns=\"http:\/\/www.w3.org\/2000\/svg\" class=\"list-377408\" width=\"20px\" height=\"20px\" viewBox=\"0 0 24 24\" fill=\"none\"><path d=\"M6 6H4v2h2V6zm14 0H8v2h12V6zM4 11h2v2H4v-2zm16 0H8v2h12v-2zM4 16h2v2H4v-2zm16 0H8v2h12v-2z\" fill=\"currentColor\"><\/path><\/svg><svg style=\"fill: #999;color:#999\" class=\"arrow-unsorted-368013\" xmlns=\"http:\/\/www.w3.org\/2000\/svg\" width=\"10px\" height=\"10px\" viewBox=\"0 0 24 24\" version=\"1.2\" baseProfile=\"tiny\"><path d=\"M18.2 9.3l-6.2-6.3-6.2 6.3c-.2.2-.3.4-.3.7s.1.5.3.7c.2.2.4.3.7.3h11c.3 0 .5-.1.7-.3.2-.2.3-.5.3-.7s-.1-.5-.3-.7zM5.8 14.7l6.2 6.3 6.2-6.3c.2-.2.3-.5.3-.7s-.1-.5-.3-.7c-.2-.2-.4-.3-.7-.3h-11c-.3 0-.5.1-.7.3-.2.2-.3.5-.3.7s.1.5.3.7z\"\/><\/svg><\/span><\/span><\/span><\/a><\/span><\/div>\n<nav><ul class='ez-toc-list ez-toc-list-level-1 eztoc-toggle-hide-by-default' ><li class='ez-toc-page-1 ez-toc-heading-level-2'><a class=\"ez-toc-link ez-toc-heading-1\" href=\"https:\/\/theglobalwizards.com\/nl\/onze-gids-voor-de-ardennen-in-frankrijk-4-dagen-rondreis\/#bezoek_de_franse_ardennen_slow_travel_in_frankrijk\" >Bezoek de Franse Ardennen: slow travel in Frankrijk<\/a><\/li><li class='ez-toc-page-1 ez-toc-heading-level-2'><a class=\"ez-toc-link ez-toc-heading-2\" href=\"https:\/\/theglobalwizards.com\/nl\/onze-gids-voor-de-ardennen-in-frankrijk-4-dagen-rondreis\/#waar_liggen_de_ardennen_in_frankrijk\" >Waar liggen de Ardennen in Frankrijk.<\/a><\/li><li class='ez-toc-page-1 ez-toc-heading-level-2'><a class=\"ez-toc-link ez-toc-heading-3\" href=\"https:\/\/theglobalwizards.com\/nl\/onze-gids-voor-de-ardennen-in-frankrijk-4-dagen-rondreis\/#hoe_kan_je_naar_de_franse_ardennen\" >Hoe kan je naar de Franse Ardennen?<\/a><\/li><li class='ez-toc-page-1 ez-toc-heading-level-2'><a class=\"ez-toc-link ez-toc-heading-4\" href=\"https:\/\/theglobalwizards.com\/nl\/onze-gids-voor-de-ardennen-in-frankrijk-4-dagen-rondreis\/#wat_is_er_te_zien_in_de_franse_ardennen\" >Wat is er te zien in de Franse Ardennen?<\/a><ul class='ez-toc-list-level-3' ><li class='ez-toc-heading-level-3'><a class=\"ez-toc-link ez-toc-heading-5\" href=\"https:\/\/theglobalwizards.com\/nl\/onze-gids-voor-de-ardennen-in-frankrijk-4-dagen-rondreis\/#fietsen_en_wandelen_in_de_franse_ardennen\" >Fietsen en wandelen in de Franse Ardennen.<\/a><\/li><li class='ez-toc-page-1 ez-toc-heading-level-3'><a class=\"ez-toc-link ez-toc-heading-6\" href=\"https:\/\/theglobalwizards.com\/nl\/onze-gids-voor-de-ardennen-in-frankrijk-4-dagen-rondreis\/#andere_activiteiten_die_je_in_de_ardennen_kan_doen\" >Andere activiteiten die je in de Ardennen kan doen.<\/a><\/li><\/ul><\/li><li class='ez-toc-page-1 ez-toc-heading-level-2'><a class=\"ez-toc-link ez-toc-heading-7\" href=\"https:\/\/theglobalwizards.com\/nl\/onze-gids-voor-de-ardennen-in-frankrijk-4-dagen-rondreis\/#wat_is_de_beste_tijd_om_de_franse_ardennen_te_bezoeken\" >Wat is de beste tijd om de Franse Ardennen te bezoeken?<\/a><\/li><li class='ez-toc-page-1 ez-toc-heading-level-2'><a class=\"ez-toc-link ez-toc-heading-8\" href=\"https:\/\/theglobalwizards.com\/nl\/onze-gids-voor-de-ardennen-in-frankrijk-4-dagen-rondreis\/#slow_travel_doorheen_de_franse_ardennen_onze_rondreis\" >Slow travel doorheen de Franse Ardennen: onze rondreis<\/a><ul class='ez-toc-list-level-3' ><li class='ez-toc-heading-level-3'><a class=\"ez-toc-link ez-toc-heading-9\" href=\"https:\/\/theglobalwizards.com\/nl\/onze-gids-voor-de-ardennen-in-frankrijk-4-dagen-rondreis\/#dag_1_op_ontdekking_in_het_kasteel_van_sedan\" >Dag 1: Op ontdekking in het kasteel van Sedan<\/a><\/li><li class='ez-toc-page-1 ez-toc-heading-level-3'><a class=\"ez-toc-link ez-toc-heading-10\" href=\"https:\/\/theglobalwizards.com\/nl\/onze-gids-voor-de-ardennen-in-frankrijk-4-dagen-rondreis\/#dag_2_wandelen_%e2%80%93_kano_%e2%80%93_in_het_bos_slapen_in_de_omgeving_van_sedan\" >Dag 2: Wandelen &#8211; Kano &#8211; In het bos slapen in de omgeving van Sedan<\/a><\/li><li class='ez-toc-page-1 ez-toc-heading-level-3'><a class=\"ez-toc-link ez-toc-heading-11\" href=\"https:\/\/theglobalwizards.com\/nl\/onze-gids-voor-de-ardennen-in-frankrijk-4-dagen-rondreis\/#dag_3_constructie_van_onze_raft_en_overnachten_in_een_boomhut_dichtbij_montherme\" >Dag 3: Constructie van onze raft en overnachten in een boomhut dichtbij Montherm\u00e9<\/a><\/li><li class='ez-toc-page-1 ez-toc-heading-level-3'><a class=\"ez-toc-link ez-toc-heading-12\" href=\"https:\/\/theglobalwizards.com\/nl\/onze-gids-voor-de-ardennen-in-frankrijk-4-dagen-rondreis\/#dag_4_hoogtepunten_rond_montherme_en_charleville-mezieres\" >Dag 4: Hoogtepunten rond Montherm\u00e9 en Charleville-M\u00e9zi\u00e8res<\/a><\/li><\/ul><\/li><li class='ez-toc-page-1 ez-toc-heading-level-2'><a class=\"ez-toc-link ez-toc-heading-13\" href=\"https:\/\/theglobalwizards.com\/nl\/onze-gids-voor-de-ardennen-in-frankrijk-4-dagen-rondreis\/#overzicht_van_extra_activiteiten_in_de_franse_ardennen\" >Overzicht van extra activiteiten in de Franse Ardennen<\/a><ul class='ez-toc-list-level-3' ><li class='ez-toc-heading-level-3'><a class=\"ez-toc-link ez-toc-heading-14\" href=\"https:\/\/theglobalwizards.com\/nl\/onze-gids-voor-de-ardennen-in-frankrijk-4-dagen-rondreis\/#wat_kan_je_doen_in_en_rond_sedan\" >Wat kan je doen in en rond Sedan<\/a><\/li><li class='ez-toc-page-1 ez-toc-heading-level-3'><a class=\"ez-toc-link ez-toc-heading-15\" href=\"https:\/\/theglobalwizards.com\/nl\/onze-gids-voor-de-ardennen-in-frankrijk-4-dagen-rondreis\/#wat_te_doen_in_en_rond_charleville-mezieres\" >Wat te doen in en rond Charleville-M\u00e9zi\u00e8res<\/a><\/li><li class='ez-toc-page-1 ez-toc-heading-level-3'><a class=\"ez-toc-link ez-toc-heading-16\" href=\"https:\/\/theglobalwizards.com\/nl\/onze-gids-voor-de-ardennen-in-frankrijk-4-dagen-rondreis\/#wat_te_doen_in_het_nationale_parc_de_franse_ardennen\" >Wat te doen in het Nationale Parc de Franse Ardennen<\/a><\/li><li class='ez-toc-page-1 ez-toc-heading-level-3'><a class=\"ez-toc-link ez-toc-heading-17\" href=\"https:\/\/theglobalwizards.com\/nl\/onze-gids-voor-de-ardennen-in-frankrijk-4-dagen-rondreis\/#wat_kan_je_nog_doen_in_de_franse_ardennen\" >Wat kan je nog doen in de Franse Ardennen<\/a><\/li><li class='ez-toc-page-1 ez-toc-heading-level-3'><a class=\"ez-toc-link ez-toc-heading-18\" href=\"https:\/\/theglobalwizards.com\/nl\/onze-gids-voor-de-ardennen-in-frankrijk-4-dagen-rondreis\/#bewaar_dit_artikel_voor_later_op_pinterest\" >Bewaar dit artikel voor later op Pinterest<\/a><\/li><li class='ez-toc-page-1 ez-toc-heading-level-3'><a class=\"ez-toc-link ez-toc-heading-19\" href=\"https:\/\/theglobalwizards.com\/nl\/onze-gids-voor-de-ardennen-in-frankrijk-4-dagen-rondreis\/#onze_andere_artikels_over_frankrijk\" >Onze andere artikels over Frankrijk<\/a><\/li><\/ul><\/li><li class='ez-toc-page-1 ez-toc-heading-level-2'><a class=\"ez-toc-link ez-toc-heading-20\" href=\"https:\/\/theglobalwizards.com\/nl\/onze-gids-voor-de-ardennen-in-frankrijk-4-dagen-rondreis\/#de_ardennen_in_frankrijk_gids_onze_4-_dagen_rondreis\" >De Ardennen in Frankrijk Gids: onze 4- dagen rondreis<\/a><\/li><\/ul><\/nav><\/div>\n\n\n\n\n<p>Wij hadden er alvast een super leuke tijden. We hebben genoten van het verkennen van dit prachtige gebied, vol met glooiende heuvels, weelderige bossen en pittoreske dorpjes. Er is dan heel wat te zien en te doen in de Franse Ardennen!<\/p>\n\n\n\n<p>In dit artikel beschrijven we <strong>onze 4 dagen rondreis in de Franse Ardennen.<\/strong> Maar er is nog heel wat meer te zien in deze regio.<\/p>\n\n\n\n<p> Daarom geven we je <strong>ook nog wat highlights<\/strong> van de mooiste plekjes in de Franse Ardennen in het algemeen. Let&#8217;s go!<\/p>\n\n\n\n<p><em>Disclosure: We waren te gast bij <a href=\"http:\/\/www.ardennes.com\/\" target=\"_blank\" rel=\"noreferrer noopener\">Ardennes Tourism<\/a> op een persreis georganiseerd door <a href=\"http:\/\/france.fr\">Atout France.<\/a> Alle meningen zijn echter, zoals altijd, volledig van onszelf<\/em>.<\/p>\n\n\n\n<figure class=\"wp-block-image aligncenter size-full is-resized\"><img fetchpriority=\"high\" decoding=\"async\" width=\"1000\" height=\"1500\" src=\"https:\/\/theglobalwizards.com\/wp-content\/uploads\/2022\/09\/Roadtrip-Franse-Ardennen.jpg\" alt=\"Ontdek de Franse Ardennen roadtrip 4 dagen\" class=\"wp-image-33957\" style=\"width:375px;height:563px\" srcset=\"https:\/\/theglobalwizards.com\/wp-content\/uploads\/2022\/09\/Roadtrip-Franse-Ardennen.jpg 1000w, https:\/\/theglobalwizards.com\/wp-content\/uploads\/2022\/09\/Roadtrip-Franse-Ardennen-600x900.jpg 600w, https:\/\/theglobalwizards.com\/wp-content\/uploads\/2022\/09\/Roadtrip-Franse-Ardennen-200x300.jpg 200w, https:\/\/theglobalwizards.com\/wp-content\/uploads\/2022\/09\/Roadtrip-Franse-Ardennen-683x1024.jpg 683w, https:\/\/theglobalwizards.com\/wp-content\/uploads\/2022\/09\/Roadtrip-Franse-Ardennen-768x1152.jpg 768w\" sizes=\"(max-width: 1000px) 100vw, 1000px\" \/><figcaption class=\"wp-element-caption\">Heb je nu geen tijd om het artikel te lezen? Bewaar het dan op Pinterest voor later!<\/figcaption><\/figure>\n\n\n\n<h2 class=\"wp-block-heading\" id=\"where-are-the-ardennes-in-france\"><span class=\"ez-toc-section\" id=\"waar_liggen_de_ardennen_in_frankrijk\"><\/span>Waar liggen de Ardennen in Frankrijk.<span class=\"ez-toc-section-end\"><\/span><\/h2>\n\n\n\n<p>De Franse Ardennen is een regio in de <strong>Grand Est of het noordoosten van Frankrijk.<\/strong> <\/p>\n\n\n\n<p>De regio is genoemd naar <strong>het Ardennen massief<\/strong> dat je ook bij ons in het zuiden van Belgi\u00eb kan terugvinden. De Ardennen lopen ook nog door tot in Luxemburg en zelfs een klein stukje van Duitsland. De <strong>hoofdstad<\/strong> van het Ardennen departement is <strong>Charleville-M\u00e9zi\u00e8res<\/strong>.<\/p>\n\n\n\n<p>De Franse Ardennen zijn bekend voor de <strong>mooie landschappen en vele bossen<\/strong> met o.a. de Maas en de Semois die er doorheen stromen. De regio is dan ook populair voor <strong>buitenactiviteiten<\/strong> zoals wandelen, kamperen en vissen. <\/p>\n\n\n\n<p>De Ardennen in Frankrijk worden begrensd door de regio&#8217;s Champagne-Ardenne in het noorden, Lotharingen in het oosten, Franche-Comte in het zuiden en Bourgondi\u00eb in het westen.<\/p>\n\n\n\n<figure class=\"wp-block-image aligncenter size-full\"><img decoding=\"async\" width=\"968\" height=\"645\" src=\"https:\/\/theglobalwizards.com\/wp-content\/uploads\/2022\/09\/Where-are-The-Ardennes-in-France.jpg\" alt=\"Waar liggen de Franse Ardennen?\" class=\"wp-image-18641\" srcset=\"https:\/\/theglobalwizards.com\/wp-content\/uploads\/2022\/09\/Where-are-The-Ardennes-in-France.jpg 968w, https:\/\/theglobalwizards.com\/wp-content\/uploads\/2022\/09\/Where-are-The-Ardennes-in-France-600x400.jpg 600w, https:\/\/theglobalwizards.com\/wp-content\/uploads\/2022\/09\/Where-are-The-Ardennes-in-France-300x200.jpg 300w, https:\/\/theglobalwizards.com\/wp-content\/uploads\/2022\/09\/Where-are-The-Ardennes-in-France-768x512.jpg 768w\" sizes=\"(max-width: 968px) 100vw, 968px\" \/><\/figure>\n\n\n\n<h2 class=\"wp-block-heading\" id=\"the-ardennes-in-france-how-to-get-there\"><span class=\"ez-toc-section\" id=\"hoe_kan_je_naar_de_franse_ardennen\"><\/span>Hoe kan je naar de Franse Ardennen?<span class=\"ez-toc-section-end\"><\/span><\/h2>\n\n\n\n<p>De <strong>beste manier<\/strong> om er te geraken is met <strong>de auto of de trein.<\/strong><\/p>\n\n\n\n<p>Met de trein kan je <strong>via Brussel, en dan Reims of Parijs gaan.<\/strong> <\/p>\n\n\n\n<p><strong>Met de trein:<\/strong> omdat het duurzamer en zo gemakkelijk is, zijn we vanuit Belgi\u00eb met de trein gegaan. De regio is goed bereikbaar met de trein, met veel (hogesnelheids)treinen uit alle omringende landen en grote steden (Parijs, Brussel, D\u00fcsseldorf, &#8230; en zelfs Londen). <\/p>\n\n\n\n<p>Neem de TGV (hogesnelheidstrein) naar bijvoorbeeld TGV-station Champagne-Ardenne en van daaruit de stoptrein naar Charleville-M\u00e9zi\u00e8res of Sedan. Ben je wat meer op de vrijheid gesteld? <a href=\"https:\/\/www.tkqlhce.com\/click-100401943-13824353\" target=\"_blank\" rel=\"noreferrer noopener sponsored nofollow\">Huur dan een auto<\/a> voor meer vrijheid.<\/p>\n\n\n\n<figure class=\"wp-block-image aligncenter size-full\"><img decoding=\"async\" width=\"968\" height=\"645\" src=\"https:\/\/theglobalwizards.com\/wp-content\/uploads\/2022\/09\/How-to-get-to-the-Ardennes-by-train.jpg\" alt=\"Naar de Franse Ardennen met de TGV trein.\" class=\"wp-image-18643\" srcset=\"https:\/\/theglobalwizards.com\/wp-content\/uploads\/2022\/09\/How-to-get-to-the-Ardennes-by-train.jpg 968w, https:\/\/theglobalwizards.com\/wp-content\/uploads\/2022\/09\/How-to-get-to-the-Ardennes-by-train-600x400.jpg 600w, https:\/\/theglobalwizards.com\/wp-content\/uploads\/2022\/09\/How-to-get-to-the-Ardennes-by-train-300x200.jpg 300w, https:\/\/theglobalwizards.com\/wp-content\/uploads\/2022\/09\/How-to-get-to-the-Ardennes-by-train-768x512.jpg 768w\" sizes=\"(max-width: 968px) 100vw, 968px\" \/><\/figure>\n\n\n\n<p><strong>Met de auto:<\/strong> dit is waarschijnlijk de populairste manier om te gaan. Dit geeft je de vrijheid om de regio op je eigen tempo te verkennen.<\/p>\n\n\n\n<p>Vanaf Amsterdam rij je er ongeveer 4u,30 over. Vanaf Brussel mag je rekenen op 2u. Je kan zelfs met de bus gaan, misschien is dat zelfs nog de goedkoopste optie.<\/p>\n\n\n\n<p>Mocht je beslissen om met de trein te gaan kan je in Charleville- M\u00e9zi\u00e8res een auto huren. Hier vind je de <a href=\"https:\/\/www.tkqlhce.com\/click-100401943-13824353\" target=\"_blank\" rel=\"noreferrer noopener sponsored nofollow\">beste autodeals<\/a> van het ogenblik. <\/p>\n\n\n\n<p>Sowieso zijn de Franse Ardennen een makkelijke en leuke regio om te bezoeken.<\/p>\n\n\n\n<h2 class=\"wp-block-heading\" id=\"things-to-do-in-the-ardennes-france\"><span class=\"ez-toc-section\" id=\"wat_is_er_te_zien_in_de_franse_ardennen\"><\/span>Wat is er te zien in de Franse Ardennen?<span class=\"ez-toc-section-end\"><\/span><\/h2>\n\n\n\n<p>De Ardennen is een prachtige en grotendeels ongerepte streek van Frankrijk, gelegen in het noordoosten van het land. Alhoewel het niet zo groot is in oppervlakte, kan je er <strong>heel wat activeiten doen.<\/strong> <\/p>\n\n\n\n<h3 class=\"wp-block-heading\" id=\"cycling-and-hiking-in-the-french-ardennes\"><span class=\"ez-toc-section\" id=\"fietsen_en_wandelen_in_de_franse_ardennen\"><\/span>Fietsen en wandelen in de Franse Ardennen.<span class=\"ez-toc-section-end\"><\/span><\/h3>\n\n\n\n<p>Dit is dus de perfecte regio voor buitenactiviteiten zoals <strong>wandelen en fietsen<\/strong> in de Franse Ardennen. De regio wordt doorkruist door een netwerk van paden en routes voor alle niveaus. Er zijn prachtige routes langsheen rivieren doorheen de prachtige bossen.<\/p>\n\n\n\n<p>Zo heb je o.a. twee iconische routes zoals de <a href=\"http:\/\/www.voiesvertes.com\/htm\/departement08_GB.htm\" target=\"_blank\" rel=\"noreferrer noopener\">Trans- Ardennen Fietsroute<\/a> en de <a href=\"https:\/\/en.eurovelo.com\/ev19\/france\" target=\"_blank\" rel=\"noreferrer noopener\">Maas fietsroute<\/a>. Beide volgen de Maas vallei en tonen het beste van de Ardennen.<\/p>\n\n\n\n<p>Een ander geweldig wandel- en fietspad (ook voor gezinnen) is het 20 km lange <a href=\"https:\/\/espacestrail.run\/en\/ardenne\/parcours\/106809\" target=\"_blank\" rel=\"noreferrer noopener\">Trans-Semoysienne-pad<\/a> dat de rivier de Semois volgt. <\/p>\n\n\n\n<figure class=\"wp-block-image aligncenter size-full\"><img loading=\"lazy\" decoding=\"async\" width=\"968\" height=\"645\" src=\"https:\/\/theglobalwizards.com\/wp-content\/uploads\/2022\/09\/Trans-Semosienne-path-with-kids.jpg\" alt=\"Trans-Semoysienne route familie Ardennen Frankrijk\" class=\"wp-image-18645\" srcset=\"https:\/\/theglobalwizards.com\/wp-content\/uploads\/2022\/09\/Trans-Semosienne-path-with-kids.jpg 968w, https:\/\/theglobalwizards.com\/wp-content\/uploads\/2022\/09\/Trans-Semosienne-path-with-kids-600x400.jpg 600w, https:\/\/theglobalwizards.com\/wp-content\/uploads\/2022\/09\/Trans-Semosienne-path-with-kids-300x200.jpg 300w, https:\/\/theglobalwizards.com\/wp-content\/uploads\/2022\/09\/Trans-Semosienne-path-with-kids-768x512.jpg 768w\" sizes=\"(max-width: 968px) 100vw, 968px\" \/><\/figure>\n\n\n\n<h3 class=\"wp-block-heading\" id=\"other-activities-to-do-in-the-ardennes\"><span class=\"ez-toc-section\" id=\"andere_activiteiten_die_je_in_de_ardennen_kan_doen\"><\/span>Andere activiteiten die je in de Ardennen kan doen.<span class=\"ez-toc-section-end\"><\/span><\/h3>\n\n\n\n<p>Waarom zou je de Ardennen niet eens <strong>per boot<\/strong> ontdekken. Je kan de Maas ook verkennen met de <strong>kayak, paddleboard of kano<\/strong>. <\/p>\n\n\n\n<p>Ook <strong>paardrijden<\/strong> is een populaire activiteit in de Franse Ardennen, dat is de ideale manier om van het landschap te kunnen genieten.<\/p>\n\n\n\n<p>Daarenboven vind je in de regio heel wat <strong>leuke en charmante stadjes,<\/strong> heuvels en <strong>adembenemende uitkijkpunten.<\/strong><\/p>\n\n\n\n<p>Een beetje verder in dit artikel, vind je onze volledige rondreis voor de Franse Ardennen. Maar omdat we hier vooral slow travel doen, hebben we een niet het volledig grondgebied van de Franse Ardennen gedaan. Er is heel wat meer te zien als je meer tijd hebt of sneller wil reizen.<\/p>\n\n\n\n<p>Daarom geven we je aan <strong>het einde van dit artikel<\/strong> een overzicht van andere <strong>bezienswaardigheden in de Franse Ardennen<\/strong> als je meer tijd hebt.<\/p>\n\n\n\n<figure class=\"wp-block-image aligncenter size-full\"><img loading=\"lazy\" decoding=\"async\" width=\"968\" height=\"645\" src=\"https:\/\/theglobalwizards.com\/wp-content\/uploads\/2022\/09\/Kayaking-in-the-French-Ardennes.jpg\" alt=\"Familie kinderen kayak Maas Ardennen Frankrijk\" class=\"wp-image-18647\" srcset=\"https:\/\/theglobalwizards.com\/wp-content\/uploads\/2022\/09\/Kayaking-in-the-French-Ardennes.jpg 968w, https:\/\/theglobalwizards.com\/wp-content\/uploads\/2022\/09\/Kayaking-in-the-French-Ardennes-600x400.jpg 600w, https:\/\/theglobalwizards.com\/wp-content\/uploads\/2022\/09\/Kayaking-in-the-French-Ardennes-300x200.jpg 300w, https:\/\/theglobalwizards.com\/wp-content\/uploads\/2022\/09\/Kayaking-in-the-French-Ardennes-768x512.jpg 768w\" sizes=\"(max-width: 968px) 100vw, 968px\" \/><\/figure>\n\n\n\n<h2 class=\"wp-block-heading\" id=\"best-time-to-visit-the-french-ardennes\"><span class=\"ez-toc-section\" id=\"wat_is_de_beste_tijd_om_de_franse_ardennen_te_bezoeken\"><\/span>Wat is de beste tijd om de Franse Ardennen te bezoeken?<span class=\"ez-toc-section-end\"><\/span><\/h2>\n\n\n\n<p>De beste tijd om de Franse Ardennen te bezoeken hangt af van wat je precies naar op zoek bent als je er bent. <\/p>\n\n\n\n<p>De Ardennen zijn prachtig, maar ook landelijk en dus best te bezoeken tijdens de warmere maanden. <\/p>\n\n\n\n<p><strong>Van Mei tot September,<\/strong> is het weer perfect om te wandelen, mountainbiken of te gaan picknicken in 1 van de vele parken of bossen.<\/p>\n\n\n\n<p>Wil je ook de festivals gaan verkennen, dan zijn deze maanden de beste om ze te bezoeken:<\/p>\n\n\n\n<ul class=\"wp-block-list\">\n<li>Sedan Middeleeuws Festival in Mei<\/li>\n\n\n\n<li>Festival of Brotherhoods in Mei<\/li>\n\n\n\n<li>Plage Ducale in Charleville-M\u00e9zi\u00e8res in Juli-Augustus<\/li>\n\n\n\n<li>World Festival of Puppet Theatre in September<\/li>\n\n\n\n<li>European Heritage Days in September<\/li>\n<\/ul>\n\n\n\n<h2 class=\"wp-block-heading\" id=\"slow-travel-through-the-french-ardennes-our-itinerary\"><span class=\"ez-toc-section\" id=\"slow_travel_doorheen_de_franse_ardennen_onze_rondreis\"><\/span>Slow travel doorheen de Franse Ardennen: onze rondreis<span class=\"ez-toc-section-end\"><\/span><\/h2>\n\n\n\n<p>We overlopen onze <strong>4-daagse rondreis in de Franse Ardennen rond Sedan en Charleville-M\u00e9zi\u00e8res.<\/strong> <\/p>\n\n\n\n<p>Lees zeker tot het einde, want daar geven we ook nog andere tips mocht je meer tijd hebben.<\/p>\n\n\n\n<h3 class=\"wp-block-heading\" id=\"h-dag-1-op-ontdekking-in-het-kasteel-van-sedan\"><span class=\"ez-toc-section\" id=\"dag_1_op_ontdekking_in_het_kasteel_van_sedan\"><\/span>Dag 1: Op ontdekking in het kasteel van Sedan<span class=\"ez-toc-section-end\"><\/span><\/h3>\n\n\n\n<p>Onze road trip door de Franse Ardennen <strong>start in Sedan.<\/strong> Deze leuke stad is vooral bekend voor het <a href=\"https:\/\/www.visitardenne.com\/en\/best-ardennes\/iconic-sites\/sedan-castle\" target=\"_blank\" rel=\"noreferrer noopener\">Middeleeuwse kasteel, het grootste van Europa.<\/a> Je vindt er binnenin een museum met de volledige historie.<\/p>\n\n\n\n<p>Na aankomst in Sedan met de trein (zoals wij deden) of met de auto, ga je rechtstreeks naar het kasteel, want hier zullen we de rest van de dag doorbrengen en, als je wilt, kan je er ook overnachten.<\/p>\n\n\n\n<ul class=\"wp-block-list\">\n<li><strong>Lunch in Caf\u00e9 Marck<\/strong><\/li>\n<\/ul>\n\n\n\n<p>Maar eerst gaan we iets lekker eten in Caf\u00e9 Marck, dat vind je op het domein van het kasteel van Sedan zelf. Wij bestelden enkele typische Ardense producten zoals suiker cake en een bordje charcuterie. En er is ook een selectie lokale bieren voor de liefhebbers!<\/p>\n\n\n\n<div class=\"wp-block-columns is-layout-flex wp-container-core-columns-is-layout-28f84493 wp-block-columns-is-layout-flex\">\n<div class=\"wp-block-column is-layout-flow wp-block-column-is-layout-flow\">\n<figure class=\"wp-block-image size-full\"><img loading=\"lazy\" decoding=\"async\" width=\"968\" height=\"968\" src=\"https:\/\/theglobalwizards.com\/wp-content\/uploads\/2022\/09\/Ardennes-Food-Cafe\u0301-Marck.jpg\" alt=\"Typische lokale gerechten Ardennen Sedan\" class=\"wp-image-18648\" srcset=\"https:\/\/theglobalwizards.com\/wp-content\/uploads\/2022\/09\/Ardennes-Food-Cafe\u0301-Marck.jpg 968w, https:\/\/theglobalwizards.com\/wp-content\/uploads\/2022\/09\/Ardennes-Food-Cafe\u0301-Marck-300x300.jpg 300w, https:\/\/theglobalwizards.com\/wp-content\/uploads\/2022\/09\/Ardennes-Food-Cafe\u0301-Marck-100x100.jpg 100w, https:\/\/theglobalwizards.com\/wp-content\/uploads\/2022\/09\/Ardennes-Food-Cafe\u0301-Marck-600x600.jpg 600w, https:\/\/theglobalwizards.com\/wp-content\/uploads\/2022\/09\/Ardennes-Food-Cafe\u0301-Marck-150x150.jpg 150w, https:\/\/theglobalwizards.com\/wp-content\/uploads\/2022\/09\/Ardennes-Food-Cafe\u0301-Marck-768x768.jpg 768w\" sizes=\"(max-width: 968px) 100vw, 968px\" \/><\/figure>\n<\/div>\n\n\n\n<div class=\"wp-block-column is-layout-flow wp-block-column-is-layout-flow\">\n<figure class=\"wp-block-image size-full\"><img loading=\"lazy\" decoding=\"async\" width=\"968\" height=\"968\" src=\"https:\/\/theglobalwizards.com\/wp-content\/uploads\/2022\/09\/Ardennes-Cafe\u0301-Marck-Sedan-Chateau.jpg\" alt=\"Caf\u00e9 Marck Kasteel Chateau Sedan Familie\" class=\"wp-image-18650\" srcset=\"https:\/\/theglobalwizards.com\/wp-content\/uploads\/2022\/09\/Ardennes-Cafe\u0301-Marck-Sedan-Chateau.jpg 968w, https:\/\/theglobalwizards.com\/wp-content\/uploads\/2022\/09\/Ardennes-Cafe\u0301-Marck-Sedan-Chateau-300x300.jpg 300w, https:\/\/theglobalwizards.com\/wp-content\/uploads\/2022\/09\/Ardennes-Cafe\u0301-Marck-Sedan-Chateau-100x100.jpg 100w, https:\/\/theglobalwizards.com\/wp-content\/uploads\/2022\/09\/Ardennes-Cafe\u0301-Marck-Sedan-Chateau-600x600.jpg 600w, https:\/\/theglobalwizards.com\/wp-content\/uploads\/2022\/09\/Ardennes-Cafe\u0301-Marck-Sedan-Chateau-150x150.jpg 150w, https:\/\/theglobalwizards.com\/wp-content\/uploads\/2022\/09\/Ardennes-Cafe\u0301-Marck-Sedan-Chateau-768x768.jpg 768w\" sizes=\"(max-width: 968px) 100vw, 968px\" \/><\/figure>\n<\/div>\n<\/div>\n\n\n\n<ul class=\"wp-block-list\">\n<li><strong>Ontdek het kasteel van Sedan (Le Chateau Fort de Sedan)<\/strong><\/li>\n<\/ul>\n\n\n\n<p>Je kan het kasteel zelf bezoeken of met een gids in groep. Wij hebben het kasteel zelf bezocht met een audio gids. <\/p>\n\n\n\n<p>Je mag rekenen op een of twee uur om het volledige kasteel te bezoeken. Er is een uitgestippelde route die je kan volgen. Bekijk de <a href=\"https:\/\/www.chateau-fort-sedan.fr\/\">website van Chateau Fort Sedan<\/a> voor meer informatie over de prijzen en openingsuren.<\/p>\n\n\n\n<figure class=\"wp-block-image aligncenter size-full\"><img loading=\"lazy\" decoding=\"async\" width=\"968\" height=\"646\" src=\"https:\/\/theglobalwizards.com\/wp-content\/uploads\/2022\/09\/Chateau-Fort-Sedan-Castle.jpg\" alt=\"Bezoek het Chateau Fort Sedan Kasteel\" class=\"wp-image-18654\" srcset=\"https:\/\/theglobalwizards.com\/wp-content\/uploads\/2022\/09\/Chateau-Fort-Sedan-Castle.jpg 968w, https:\/\/theglobalwizards.com\/wp-content\/uploads\/2022\/09\/Chateau-Fort-Sedan-Castle-600x400.jpg 600w, https:\/\/theglobalwizards.com\/wp-content\/uploads\/2022\/09\/Chateau-Fort-Sedan-Castle-300x200.jpg 300w, https:\/\/theglobalwizards.com\/wp-content\/uploads\/2022\/09\/Chateau-Fort-Sedan-Castle-768x513.jpg 768w\" sizes=\"(max-width: 968px) 100vw, 968px\" \/><\/figure>\n\n\n\n<ul class=\"wp-block-list\">\n<li><strong>Check-in aan Hotel Le Chateau fort (binnenin het kasteel)<\/strong><\/li>\n<\/ul>\n\n\n\n<p>Voel je een echte prinses of ridder en blijf een nachtje slapen in het kasteel! <a href=\"https:\/\/hotel-lechateaufort.fr\/en\/\" target=\"_blank\" rel=\"noreferrer noopener\">Hotel Le Chateau Fort<\/a> heeft kamers voor zowel koppels als gezinnen, en een heerlijk ontbijt. We brachten hier een nacht door en genoten van het uitzicht over het kasteel in het donker. <\/p>\n\n\n\n<p>Bekijk <a href=\"https:\/\/www.booking.com\/hotel\/fr\/hotellerielechateaufort.en.html?aid=1636387&amp;no_rooms=1&amp;group_adults=2\">de prijzen voor een nachtje in het kasteel.<\/a> <\/p>\n\n\n\n<div class=\"wp-block-columns is-layout-flex wp-container-core-columns-is-layout-28f84493 wp-block-columns-is-layout-flex\">\n<div class=\"wp-block-column is-layout-flow wp-block-column-is-layout-flow\">\n<figure class=\"wp-block-image size-full\"><img loading=\"lazy\" decoding=\"async\" width=\"774\" height=\"968\" src=\"https:\/\/theglobalwizards.com\/wp-content\/uploads\/2022\/09\/Hotel-Chateau-Fort-Sedan-Castle.jpg\" alt=\"Hotel Le Chateau Fort Sedan Familie verblijf\" class=\"wp-image-18657\" srcset=\"https:\/\/theglobalwizards.com\/wp-content\/uploads\/2022\/09\/Hotel-Chateau-Fort-Sedan-Castle.jpg 774w, https:\/\/theglobalwizards.com\/wp-content\/uploads\/2022\/09\/Hotel-Chateau-Fort-Sedan-Castle-600x750.jpg 600w, https:\/\/theglobalwizards.com\/wp-content\/uploads\/2022\/09\/Hotel-Chateau-Fort-Sedan-Castle-240x300.jpg 240w, https:\/\/theglobalwizards.com\/wp-content\/uploads\/2022\/09\/Hotel-Chateau-Fort-Sedan-Castle-768x960.jpg 768w\" sizes=\"(max-width: 774px) 100vw, 774px\" \/><\/figure>\n<\/div>\n\n\n\n<div class=\"wp-block-column is-layout-flow wp-block-column-is-layout-flow\">\n<figure class=\"wp-block-image size-full\"><img loading=\"lazy\" decoding=\"async\" width=\"774\" height=\"968\" src=\"https:\/\/theglobalwizards.com\/wp-content\/uploads\/2022\/09\/Breakfast-Hotel-Chateau-Fort-Sedan-Castle.jpg\" alt=\"Ontbijt Hotel Sedan Kasteel Ardennen Frankrijk\" class=\"wp-image-18659\" srcset=\"https:\/\/theglobalwizards.com\/wp-content\/uploads\/2022\/09\/Breakfast-Hotel-Chateau-Fort-Sedan-Castle.jpg 774w, https:\/\/theglobalwizards.com\/wp-content\/uploads\/2022\/09\/Breakfast-Hotel-Chateau-Fort-Sedan-Castle-600x750.jpg 600w, https:\/\/theglobalwizards.com\/wp-content\/uploads\/2022\/09\/Breakfast-Hotel-Chateau-Fort-Sedan-Castle-240x300.jpg 240w, https:\/\/theglobalwizards.com\/wp-content\/uploads\/2022\/09\/Breakfast-Hotel-Chateau-Fort-Sedan-Castle-768x960.jpg 768w\" sizes=\"(max-width: 774px) 100vw, 774px\" \/><\/figure>\n<\/div>\n<\/div>\n\n\n\n<ul class=\"wp-block-list\">\n<li><strong>Paddle op de Maas<\/strong><\/li>\n<\/ul>\n\n\n\n<p>Na ons bezoek aan het kasteel, wandelen we door het centrum van Sedan naar <a href=\"https:\/\/www.location.voiebleue.fr\/\" target=\"_blank\" rel=\"noreferrer noopener\">de Moskova Nautical Base<\/a> waar je paddleboards kan huren bij <a href=\"https:\/\/www.ardennes.com\/en\/activite-sportive\/o2-sports-lair-daventure-en-ardenne\/\" target=\"_blank\" rel=\"noreferrer noopener\">O2Sports Ardennes.<\/a> Wij zijn verzot op paddleboard en volgen de rivier richting centrum van Sedan. <\/p>\n\n\n\n<figure class=\"wp-block-image aligncenter size-full\"><img loading=\"lazy\" decoding=\"async\" width=\"968\" height=\"646\" src=\"https:\/\/theglobalwizards.com\/wp-content\/uploads\/2022\/09\/Paddle-Board-Sedan-Ardennes-France.jpg\" alt=\"SUP Paddle Board Sedan Familie activiteiten Ardennen\" class=\"wp-image-18661\" srcset=\"https:\/\/theglobalwizards.com\/wp-content\/uploads\/2022\/09\/Paddle-Board-Sedan-Ardennes-France.jpg 968w, https:\/\/theglobalwizards.com\/wp-content\/uploads\/2022\/09\/Paddle-Board-Sedan-Ardennes-France-600x400.jpg 600w, https:\/\/theglobalwizards.com\/wp-content\/uploads\/2022\/09\/Paddle-Board-Sedan-Ardennes-France-300x200.jpg 300w, https:\/\/theglobalwizards.com\/wp-content\/uploads\/2022\/09\/Paddle-Board-Sedan-Ardennes-France-768x513.jpg 768w\" sizes=\"(max-width: 968px) 100vw, 968px\" \/><\/figure>\n\n\n\n<ul class=\"wp-block-list\">\n<li><strong>Dineren in het <a href=\"http:\/\/www.le-saint-michel.fr\/en\/\" target=\"_blank\" rel=\"noreferrer noopener\">restaurant St. Michel<\/a><\/strong><\/li>\n<\/ul>\n\n\n\n<p>&#8217;s Avond gaan we lekker eten in het centrum van Sedan. We kiezen voor het Saint-Michel restaurant. Je vindt er typische Ardense lokale producten maar ook enkele internationale gerechten. <\/p>\n\n\n\n<p>De kindjes proeven de heerlijke wortel soep met pasta. Wij hebben een lekker stuk rund met groentjes, overheerlijk! <\/p>\n\n\n\n<h4 class=\"wp-block-heading\" id=\"other-places-to-stay-in-sedan\"><strong>Waar kan je slapen in Sedan?<\/strong><\/h4>\n\n\n\n<p>Heb je geen zin om in het hotel van het kasteel te verblijven, Le Chateau Fort? Er zijn nog enkele andere leuke opties ook in het centrum van Sedan.<\/p>\n\n\n\n<ul class=\"wp-block-list\">\n<li><a href=\"https:\/\/www.booking.com\/hotel\/fr\/villa-notre-dame-sedan1.en.html?aid=1636387&amp;no_rooms=1&amp;group_adults=2\" target=\"_blank\" rel=\"noreferrer noopener sponsored nofollow\">Villa Notre Dame<\/a>: recht tegenover het kasteel<\/li>\n<\/ul>\n\n\n\n<ul class=\"wp-block-list\">\n<li><a href=\"https:\/\/www.booking.com\/hotel\/fr\/appartement-moderne-et-spacieux-sedan.en.html?aid=1636387&amp;no_rooms=1&amp;group_adults=2\" target=\"_blank\" rel=\"noreferrer noopener sponsored nofollow\">Een 3-kamer appartement<\/a>: perfect voor grotere families of groepen<\/li>\n<\/ul>\n\n\n\n<ul class=\"wp-block-list\">\n<li><a href=\"https:\/\/www.booking.com\/hotel\/fr\/appartement-2-chambres-les-remparts.en.html?aid=1636387&amp;no_rooms=1&amp;group_adults=2\" target=\"_blank\" rel=\"noreferrer noopener sponsored nofollow\">Aux Remparts du Ch\u00e2teau<\/a>: net naast het kasteel, een 2 slaapkamer appartement.<\/li>\n<\/ul>\n\n\n\n<h3 class=\"wp-block-heading\" id=\"h-dag-2-wandelen-kano-in-het-bos-slapen-in-de-omgeving-van-sedan\"><span class=\"ez-toc-section\" id=\"dag_2_wandelen_%e2%80%93_kano_%e2%80%93_in_het_bos_slapen_in_de_omgeving_van_sedan\"><\/span>Dag 2: Wandelen &#8211; Kano &#8211; In het bos slapen in de omgeving van Sedan<span class=\"ez-toc-section-end\"><\/span><\/h3>\n\n\n\n<ul class=\"wp-block-list\">\n<li><strong>Wandeling in de Franse Ardennen tussen Croix de Piot in Donchery en Noyers Pont Maugis.<\/strong><\/li>\n<\/ul>\n\n\n\n<p>Na een heerlijk ontbijt in het <a href=\"https:\/\/www.booking.com\/hotel\/fr\/hotellerielechateaufort.en.html?aid=1636387&amp;no_rooms=1&amp;group_adults=2\" target=\"_blank\" rel=\"noreferrer noopener sponsored nofollow\">Hotel chateau Fort<\/a>, rijden we 20min naar het startpunt van onze 9km lange wandeling aan Croix de Piot. <\/p>\n\n\n\n<p>Vanaf hier heb je een prachtig zicht op de Maas vallei en de omliggende heuvels. Al snel trekken we dieper de bossen in met onze gids Jerry van <a href=\"https:\/\/www.location.voiebleue.fr\/\" target=\"_blank\" rel=\"noreferrer noopener\">La Maison des Randonn\u00e9es<\/a>.<\/p>\n\n\n\n<p>De wandeling die we deden is slechts gedeeltelijk gemarkeerd en werd samengesteld door onze gids. Hoe dan ook, vind je heel wat gemarkeerde paden in deze omgeving, zoals bv. de <a href=\"https:\/\/www.cirkwi.com\/fr\/circuit\/81189-le-sentier-de-la-croix-piot\" target=\"_blank\" rel=\"noreferrer noopener\">Croix de Piot wandeling<\/a>. <\/p>\n\n\n\n<p>Nadat we enkele prachtige velden en bossen gepasseerd zijn komen we op het prachtige uitkijkpunt van <a href=\"https:\/\/www.charleville-sedan-tourisme.fr\/en\/fiches\/en-listing-sites-de-memoire\/remembrance-tour-noyers-pont-maugis\/\" target=\"_blank\" rel=\"noreferrer noopener\">Noyers-Pont-Maugis<\/a>. Er werden hier al redelijk wat veldslagen uitgevochten. Getuige hiervan is het Franse militaire kerkhof en het Duitse oorlogskerkhof.<\/p>\n\n\n\n<div class=\"wp-block-columns is-layout-flex wp-container-core-columns-is-layout-28f84493 wp-block-columns-is-layout-flex\">\n<div class=\"wp-block-column is-layout-flow wp-block-column-is-layout-flow\">\n<figure class=\"wp-block-image size-full\"><img loading=\"lazy\" decoding=\"async\" width=\"774\" height=\"968\" src=\"https:\/\/theglobalwizards.com\/wp-content\/uploads\/2022\/09\/Hiking-French-Ardennes-Sedan-Family.jpg\" alt=\"Familie Hiking Frans Ardennen rond Sedan\" class=\"wp-image-18663\" srcset=\"https:\/\/theglobalwizards.com\/wp-content\/uploads\/2022\/09\/Hiking-French-Ardennes-Sedan-Family.jpg 774w, https:\/\/theglobalwizards.com\/wp-content\/uploads\/2022\/09\/Hiking-French-Ardennes-Sedan-Family-600x750.jpg 600w, https:\/\/theglobalwizards.com\/wp-content\/uploads\/2022\/09\/Hiking-French-Ardennes-Sedan-Family-240x300.jpg 240w, https:\/\/theglobalwizards.com\/wp-content\/uploads\/2022\/09\/Hiking-French-Ardennes-Sedan-Family-768x960.jpg 768w\" sizes=\"(max-width: 774px) 100vw, 774px\" \/><\/figure>\n<\/div>\n\n\n\n<div class=\"wp-block-column is-layout-flow wp-block-column-is-layout-flow\">\n<figure class=\"wp-block-image size-full\"><img loading=\"lazy\" decoding=\"async\" width=\"774\" height=\"968\" src=\"https:\/\/theglobalwizards.com\/wp-content\/uploads\/2022\/09\/Hiking-French-Ardennes-Sedan-Wildlife.jpg\" alt=\"Ardennen in Frankrijk lokale dieren\" class=\"wp-image-18665\" srcset=\"https:\/\/theglobalwizards.com\/wp-content\/uploads\/2022\/09\/Hiking-French-Ardennes-Sedan-Wildlife.jpg 774w, https:\/\/theglobalwizards.com\/wp-content\/uploads\/2022\/09\/Hiking-French-Ardennes-Sedan-Wildlife-600x750.jpg 600w, https:\/\/theglobalwizards.com\/wp-content\/uploads\/2022\/09\/Hiking-French-Ardennes-Sedan-Wildlife-240x300.jpg 240w, https:\/\/theglobalwizards.com\/wp-content\/uploads\/2022\/09\/Hiking-French-Ardennes-Sedan-Wildlife-768x960.jpg 768w\" sizes=\"(max-width: 774px) 100vw, 774px\" \/><\/figure>\n<\/div>\n<\/div>\n\n\n\n<div class=\"wp-block-columns is-layout-flex wp-container-core-columns-is-layout-28f84493 wp-block-columns-is-layout-flex\">\n<div class=\"wp-block-column is-layout-flow wp-block-column-is-layout-flow\">\n<figure class=\"wp-block-image size-full\"><img loading=\"lazy\" decoding=\"async\" width=\"774\" height=\"968\" src=\"https:\/\/theglobalwizards.com\/wp-content\/uploads\/2022\/09\/Hiking-Ardennes-France-Flora.jpg\" alt=\"Franse Ardennen Flora Fauna\" class=\"wp-image-18667\" srcset=\"https:\/\/theglobalwizards.com\/wp-content\/uploads\/2022\/09\/Hiking-Ardennes-France-Flora.jpg 774w, https:\/\/theglobalwizards.com\/wp-content\/uploads\/2022\/09\/Hiking-Ardennes-France-Flora-600x750.jpg 600w, https:\/\/theglobalwizards.com\/wp-content\/uploads\/2022\/09\/Hiking-Ardennes-France-Flora-240x300.jpg 240w, https:\/\/theglobalwizards.com\/wp-content\/uploads\/2022\/09\/Hiking-Ardennes-France-Flora-768x960.jpg 768w\" sizes=\"(max-width: 774px) 100vw, 774px\" \/><\/figure>\n<\/div>\n\n\n\n<div class=\"wp-block-column is-layout-flow wp-block-column-is-layout-flow\">\n<figure class=\"wp-block-image size-full\"><img loading=\"lazy\" decoding=\"async\" width=\"774\" height=\"968\" src=\"https:\/\/theglobalwizards.com\/wp-content\/uploads\/2022\/09\/Hiking-French-Ardennes-Croix-de-Piot.jpg\" alt=\"Wandelen Ardennen in Frankrijk Uitkijkpunt Croix de Piot\" class=\"wp-image-18669\" srcset=\"https:\/\/theglobalwizards.com\/wp-content\/uploads\/2022\/09\/Hiking-French-Ardennes-Croix-de-Piot.jpg 774w, https:\/\/theglobalwizards.com\/wp-content\/uploads\/2022\/09\/Hiking-French-Ardennes-Croix-de-Piot-600x750.jpg 600w, https:\/\/theglobalwizards.com\/wp-content\/uploads\/2022\/09\/Hiking-French-Ardennes-Croix-de-Piot-240x300.jpg 240w, https:\/\/theglobalwizards.com\/wp-content\/uploads\/2022\/09\/Hiking-French-Ardennes-Croix-de-Piot-768x960.jpg 768w\" sizes=\"(max-width: 774px) 100vw, 774px\" \/><\/figure>\n<\/div>\n<\/div>\n\n\n\n<ul class=\"wp-block-list\">\n<li><strong>Lunch en kaas proeverij op de boerderij van St. Quentin<\/strong><\/li>\n<\/ul>\n\n\n\n<p>Na een lange maar mooie wandeling komen we aan op de <a href=\"https:\/\/www.facebook.com\/LaFermeDeSaintQuentin\">St. Quentin&#8217;s boerderij<\/a>. Deze boerderij produceerd schapen kaas en verhuurt ook <a href=\"https:\/\/www.gites-en-ardennes.fr\/?fbclid=IwAR0-qsQ8tUMHJMZy4Xa1TaBlVx33pRmGoG4RKCl5eHjkHj74RUs4FbsQVY4\">gastenverblijven.<\/a><\/p>\n\n\n\n<p>Je krijgt er een uitleg hoe de schapenkaas geproduceerd wordt en ook hoe de boerderij opgestart werd door Vanessa. <\/p>\n\n\n\n<p>Na een heerlijke lunch, met lekkere kazen en een heerlijke lokale wijn is het tijd om met de kano op stap te gaan. <\/p>\n\n\n\n<figure class=\"wp-block-image aligncenter size-full\"><img loading=\"lazy\" decoding=\"async\" width=\"968\" height=\"645\" src=\"https:\/\/theglobalwizards.com\/wp-content\/uploads\/2022\/09\/Sheep-Cheese-Ferme-Saint-Quentin.jpg\" alt=\"Ardennen Eten Schapen Kaas Boerderij St. Quentin\" class=\"wp-image-18671\" srcset=\"https:\/\/theglobalwizards.com\/wp-content\/uploads\/2022\/09\/Sheep-Cheese-Ferme-Saint-Quentin.jpg 968w, https:\/\/theglobalwizards.com\/wp-content\/uploads\/2022\/09\/Sheep-Cheese-Ferme-Saint-Quentin-600x400.jpg 600w, https:\/\/theglobalwizards.com\/wp-content\/uploads\/2022\/09\/Sheep-Cheese-Ferme-Saint-Quentin-300x200.jpg 300w, https:\/\/theglobalwizards.com\/wp-content\/uploads\/2022\/09\/Sheep-Cheese-Ferme-Saint-Quentin-768x512.jpg 768w\" sizes=\"(max-width: 968px) 100vw, 968px\" \/><\/figure>\n\n\n\n<ul class=\"wp-block-list\">\n<li><a href=\"https:\/\/www.ardennes.com\/en\/activite-sportive\/o2-sports-lair-daventure-en-ardenne\/\"><strong>Met de kano van Sedan naar St. Menges<\/strong><\/a><\/li>\n<\/ul>\n\n\n\n<p>We ontmoeten elkaar weer <a href=\"https:\/\/www.location.voiebleue.fr\/\" target=\"_blank\" rel=\"noreferrer noopener\">in het Nautisch Centrum in Sedan<\/a> van waaruit we met <a href=\"https:\/\/o2sports.fr\/\" target=\"_blank\" rel=\"noreferrer noopener\">O2Sports Ardennes<\/a> onze 6 km lange kanotocht naar St. Menges beginnen. Na 2 km zitten we in de wilde natuur. We zien er zelfs een ijsvogel. <\/p>\n\n\n\n<p>We genieten van de stilte, de prachtige natuur, en spotten vogels en vissen. Een leuke activiteit dus met de kinderen (en ook de afstand was perfect).<\/p>\n\n\n\n<figure class=\"wp-block-image aligncenter size-full\"><img loading=\"lazy\" decoding=\"async\" width=\"968\" height=\"645\" src=\"https:\/\/theglobalwizards.com\/wp-content\/uploads\/2022\/09\/Kayak-Meuse-Sedan-Ardennes-France.jpg\" alt=\"Kayak Maas Franse Ardennen met kinderen\" class=\"wp-image-18673\" srcset=\"https:\/\/theglobalwizards.com\/wp-content\/uploads\/2022\/09\/Kayak-Meuse-Sedan-Ardennes-France.jpg 968w, https:\/\/theglobalwizards.com\/wp-content\/uploads\/2022\/09\/Kayak-Meuse-Sedan-Ardennes-France-600x400.jpg 600w, https:\/\/theglobalwizards.com\/wp-content\/uploads\/2022\/09\/Kayak-Meuse-Sedan-Ardennes-France-300x200.jpg 300w, https:\/\/theglobalwizards.com\/wp-content\/uploads\/2022\/09\/Kayak-Meuse-Sedan-Ardennes-France-768x512.jpg 768w\" sizes=\"(max-width: 968px) 100vw, 968px\" \/><\/figure>\n\n\n\n<ul class=\"wp-block-list\">\n<li><strong>Slapen (bivak) in de bossen rond Sedan.<\/strong><\/li>\n<\/ul>\n\n\n\n<p>Deze avond gaan we voor de volledige &#8220;nature&#8221; ervaring. We gaan bivakken in de bossen. Helemaal alleen in ons tentje met niemand om ons heen. <\/p>\n\n\n\n<p>Onze gids Jeremy van La Maison des Randonn\u00e9es voorziet ons van een tent, slaapzakken en een picknick met heerlijke lokale specialiteiten. <\/p>\n\n\n\n<p>Nadat we samen nog iets gegeten hebben gaan we slapen in onze tent. Het was een vermoeiende dag en de kinderen zijn moe na al dat wandelen en kayakken. Een uil wenst ons nog slaapwel toe. <\/p>\n\n\n\n<p>En vandaag hebben we helemaal geen elektriciteit verbruikt! En dus ook geen Wifi. Fantastisch toch! H\u00e9t voorbeeld van langzaam en duurzaam reizen in de Franse Ardennen. <\/p>\n\n\n\n<figure class=\"wp-block-image aligncenter size-full\"><img loading=\"lazy\" decoding=\"async\" width=\"968\" height=\"645\" src=\"https:\/\/theglobalwizards.com\/wp-content\/uploads\/2022\/09\/Bivouac-Sedan-Sustainable-Travel-France.jpg\" alt=\"Bivac ervaring in de Franse Ardennen\" class=\"wp-image-18675\" srcset=\"https:\/\/theglobalwizards.com\/wp-content\/uploads\/2022\/09\/Bivouac-Sedan-Sustainable-Travel-France.jpg 968w, https:\/\/theglobalwizards.com\/wp-content\/uploads\/2022\/09\/Bivouac-Sedan-Sustainable-Travel-France-600x400.jpg 600w, https:\/\/theglobalwizards.com\/wp-content\/uploads\/2022\/09\/Bivouac-Sedan-Sustainable-Travel-France-300x200.jpg 300w, https:\/\/theglobalwizards.com\/wp-content\/uploads\/2022\/09\/Bivouac-Sedan-Sustainable-Travel-France-768x512.jpg 768w\" sizes=\"(max-width: 968px) 100vw, 968px\" \/><\/figure>\n\n\n\n<h4 class=\"wp-block-heading\" id=\"other-places-to-stay-around-sedan\">Andere leuke plaatsen om te overnachten in Sedan<\/h4>\n\n\n\n<p>Als bivakken niet echt je ding is, zijn er nog heel wat mogelijkheden om te overnachten in de buurt van Sedan.<\/p>\n\n\n\n<ul class=\"wp-block-list\">\n<li><a href=\"https:\/\/www.booking.com\/hotel\/fr\/severine-chambres-d-hotes-floing.en.html?aid=1636387&amp;no_rooms=1&amp;group_adults=2\" target=\"_blank\" rel=\"noreferrer noopener sponsored nofollow\">S\u00e9verine Chambre d&#8217;h\u00f4tes<\/a>: heerlijke kamers op 2 km van Sedan<\/li>\n<\/ul>\n\n\n\n<ul class=\"wp-block-list\">\n<li><a href=\"https:\/\/www.booking.com\/hotel\/fr\/gite-theys-floing.en.html?aid=1636387&amp;no_rooms=1&amp;group_adults=2\" target=\"_blank\" rel=\"noreferrer noopener sponsored nofollow\">Gite Theys Floing<\/a>: een prachtig vakantiehuisje (voor 2 families) op 2km van Sedan<\/li>\n<\/ul>\n\n\n\n<ul class=\"wp-block-list\">\n<li><a href=\"https:\/\/www.booking.com\/hotel\/fr\/charming-holiday-home-in-givonne-in-the-ardennes.en.html?aid=1636387&amp;no_rooms=1&amp;group_adults=2\" target=\"_blank\" rel=\"noreferrer noopener sponsored nofollow\">Charmant vakantiehuisje in Givonne in de Ardennen<\/a>: nog een leuk vakantiehuisje, geschikt voor 5 personen op 4km van Sedan.<\/li>\n<\/ul>\n\n\n\n<h3 class=\"wp-block-heading\" id=\"h-dag-3-constructie-van-onze-raft-en-overnachten-in-een-boomhut-dichtbij-montherme\"><span class=\"ez-toc-section\" id=\"dag_3_constructie_van_onze_raft_en_overnachten_in_een_boomhut_dichtbij_montherme\"><\/span>Dag 3: Constructie van onze raft en overnachten in een boomhut dichtbij Montherm\u00e9<span class=\"ez-toc-section-end\"><\/span><\/h3>\n\n\n\n<p>Na onze nacht in de bossen, worden we langzaam wakker en verlaten we Sedan en <strong>rijden richting Charleville-Mezi\u00e9r\u00e8s en het Parc Naturel Regional des Ardennes.<\/strong><\/p>\n\n\n\n<p>We hebben &#8217;s ochtends niets gepland, omdat we wilden genieten van onze tijd in het bos en tijd nodig hadden om richting Lac des Vieilles Forges te rijden (30 minuten rijden).<\/p>\n\n\n\n<p>Als je wil kan je ook hier in de omgeving nog enkele leuke activiteiten plannen.<\/p>\n\n\n\n<ul class=\"wp-block-list\">\n<li><strong>Lunch op La Ferme du Pont des Aulnes<\/strong><\/li>\n<\/ul>\n\n\n\n<p>Naast het meer &#8220;Lac des Vieilles Forge (Lake of the Old Forges)&#8221;, vind je dit leuke eetadresje <a href=\"https:\/\/www.lafermedupontdesaulnes.fr\/\" target=\"_blank\" rel=\"noreferrer noopener\">Ferme du Pont des Aulnes<\/a>. <\/p>\n\n\n\n<p>In de boerderij &#8211; restaurant wisselt de chef om de twee weken zijn menu en werkt hij vooral met lokale producten. Je kan kiezen tussen twee of drie gangen en 3 of 4 gerechten. <\/p>\n\n\n\n<p>Verder kan je in hun winkeltje ook nog lokale producten kopen of overnachten in \u00e9\u00e9n van hun kamers.<\/p>\n\n\n\n<figure class=\"wp-block-image aligncenter size-full\"><img loading=\"lazy\" decoding=\"async\" width=\"968\" height=\"645\" src=\"https:\/\/theglobalwizards.com\/wp-content\/uploads\/2022\/09\/Food-Ardennes-Restaurant-Ferme-du-Pont-des-Aulnes.jpg\" alt=\"Restaurant La Ferme du Pont des Aulnes Ardennen Frankrijk\" class=\"wp-image-18677\" srcset=\"https:\/\/theglobalwizards.com\/wp-content\/uploads\/2022\/09\/Food-Ardennes-Restaurant-Ferme-du-Pont-des-Aulnes.jpg 968w, https:\/\/theglobalwizards.com\/wp-content\/uploads\/2022\/09\/Food-Ardennes-Restaurant-Ferme-du-Pont-des-Aulnes-600x400.jpg 600w, https:\/\/theglobalwizards.com\/wp-content\/uploads\/2022\/09\/Food-Ardennes-Restaurant-Ferme-du-Pont-des-Aulnes-300x200.jpg 300w, https:\/\/theglobalwizards.com\/wp-content\/uploads\/2022\/09\/Food-Ardennes-Restaurant-Ferme-du-Pont-des-Aulnes-768x512.jpg 768w\" sizes=\"(max-width: 968px) 100vw, 968px\" \/><\/figure>\n\n\n\n<ul class=\"wp-block-list\">\n<li><strong>Raft constructie en oversteken van het meer: &#8220;Lac des Vieilles Forges&#8221;.<\/strong><\/li>\n<\/ul>\n\n\n\n<p>Tijd om nog eens wat calorie\u00ebn te verbranden! We gaan naar <a href=\"https:\/\/www.lacdesvieillesforges.fr\/nl\" target=\"_blank\" rel=\"noreferrer noopener\">Lac des Vieilles Forges<\/a>, op slechts 10min van het restaurant om er een unieke activiteit te doen. Je kan ook nog heel wat andere activiteiten doen op het meer. Er is zelfs een strand. Bij mooi weer kan je tijdens de zomer hier dan ook op de koppen lopen.<\/p>\n\n\n\n<p>We gaan zelf een raft bouwen en het meer oversteken. Gelukkig krijgen we hulp van Thomas, onze gids. <\/p>\n\n\n\n<p>Enkele tonnen, touw en spanbanden later kunnen we een poging doen om te water te gaan. Eens op het water genieten we van de stilte en de natuur, dit is dus echt wel een leuke familie activiteit. <\/p>\n\n\n\n<p>Je kan deze activiteit boeken op de website van <a href=\"https:\/\/www.location.voiebleue.fr\/\" target=\"_blank\" rel=\"noreferrer noopener\">La Maison de Randonn\u00e9e.<\/a><\/p>\n\n\n\n<div class=\"wp-block-columns is-layout-flex wp-container-core-columns-is-layout-28f84493 wp-block-columns-is-layout-flex\">\n<div class=\"wp-block-column is-layout-flow wp-block-column-is-layout-flow\">\n<figure class=\"wp-block-image size-full\"><img loading=\"lazy\" decoding=\"async\" width=\"774\" height=\"968\" src=\"https:\/\/theglobalwizards.com\/wp-content\/uploads\/2022\/09\/Lac-des-Vieilles-Forges-Raft-Activity.jpg\" alt=\"Lac des Vieilles Forges familie activiteit raft\" class=\"wp-image-18679\" srcset=\"https:\/\/theglobalwizards.com\/wp-content\/uploads\/2022\/09\/Lac-des-Vieilles-Forges-Raft-Activity.jpg 774w, https:\/\/theglobalwizards.com\/wp-content\/uploads\/2022\/09\/Lac-des-Vieilles-Forges-Raft-Activity-600x750.jpg 600w, https:\/\/theglobalwizards.com\/wp-content\/uploads\/2022\/09\/Lac-des-Vieilles-Forges-Raft-Activity-240x300.jpg 240w, https:\/\/theglobalwizards.com\/wp-content\/uploads\/2022\/09\/Lac-des-Vieilles-Forges-Raft-Activity-768x960.jpg 768w\" sizes=\"(max-width: 774px) 100vw, 774px\" \/><\/figure>\n<\/div>\n\n\n\n<div class=\"wp-block-column is-layout-flow wp-block-column-is-layout-flow\">\n<figure class=\"wp-block-image size-full\"><img loading=\"lazy\" decoding=\"async\" width=\"774\" height=\"968\" src=\"https:\/\/theglobalwizards.com\/wp-content\/uploads\/2022\/09\/Lac-des-Vieilles-Forges-Raft-Family.jpg\" alt=\"Activiteiten met kinderen Ardennen Frankrijk Raft Meer\" class=\"wp-image-18681\" srcset=\"https:\/\/theglobalwizards.com\/wp-content\/uploads\/2022\/09\/Lac-des-Vieilles-Forges-Raft-Family.jpg 774w, https:\/\/theglobalwizards.com\/wp-content\/uploads\/2022\/09\/Lac-des-Vieilles-Forges-Raft-Family-600x750.jpg 600w, https:\/\/theglobalwizards.com\/wp-content\/uploads\/2022\/09\/Lac-des-Vieilles-Forges-Raft-Family-240x300.jpg 240w, https:\/\/theglobalwizards.com\/wp-content\/uploads\/2022\/09\/Lac-des-Vieilles-Forges-Raft-Family-768x960.jpg 768w\" sizes=\"(max-width: 774px) 100vw, 774px\" \/><\/figure>\n<\/div>\n<\/div>\n\n\n\n<ul class=\"wp-block-list\">\n<li><strong>Zonsondergang aan La Roche \u00e0 Sept Heures in Montherm\u00e9<\/strong><\/li>\n<\/ul>\n\n\n\n<p>Vanaf Lac des Vieilles Forges rijden we richting Montherm\u00e9, een lieflijk stadje gelegen in het nationale park van de Ardennen in Frankrijk. Neem hier gerust wat tijd om het stadje te verkennen.<\/p>\n\n\n\n<p>Montherm\u00e9 ligt naast de Maas en heeft een prachtig uitkijkpunt. Probeer indien mogelijk om hier rond zonsondergang te zijn (op andere tijdstippen is het er natuurlijk ook mooi :)). <\/p>\n\n\n\n<p>De rit er naar <a href=\"https:\/\/www.ardennes.com\/nl\/patrimoine-naturel\/la-roche-a-7-heures\/\" target=\"_blank\" rel=\"noreferrer noopener\">de Roche \u00e0 Sept Heures<\/a> valt op zich goed mee. Vanaf hier heb je een prahtig zicht op de stad en de meander. <\/p>\n\n\n\n<figure class=\"wp-block-image aligncenter size-full\"><img loading=\"lazy\" decoding=\"async\" width=\"968\" height=\"645\" src=\"https:\/\/theglobalwizards.com\/wp-content\/uploads\/2022\/09\/La-Roche-a\u0300-Sept-Heures-Sunset.jpg\" alt=\"La Roche \u00e0 Sept Heures Uitkijkpunt Montherm\u00e9 Ardennen\" class=\"wp-image-18682\" srcset=\"https:\/\/theglobalwizards.com\/wp-content\/uploads\/2022\/09\/La-Roche-a\u0300-Sept-Heures-Sunset.jpg 968w, https:\/\/theglobalwizards.com\/wp-content\/uploads\/2022\/09\/La-Roche-a\u0300-Sept-Heures-Sunset-600x400.jpg 600w, https:\/\/theglobalwizards.com\/wp-content\/uploads\/2022\/09\/La-Roche-a\u0300-Sept-Heures-Sunset-300x200.jpg 300w, https:\/\/theglobalwizards.com\/wp-content\/uploads\/2022\/09\/La-Roche-a\u0300-Sept-Heures-Sunset-768x512.jpg 768w\" sizes=\"(max-width: 968px) 100vw, 968px\" \/><\/figure>\n\n\n\n<ul class=\"wp-block-list\">\n<li><strong>Overnachten in een boomhut van Cabane et Vall\u00e9e<\/strong><\/li>\n<\/ul>\n\n\n\n<p>Nadat we genoten hebben van deze mooie zonsondergang rijden we naar onze boomhut die in Haulm\u00e9 ligt. We verblijven er in <a href=\"https:\/\/cabane-et-vallee.fr\/\" target=\"_blank\" rel=\"noreferrer noopener\">Cabane et Vall\u00e9e.<\/a> <\/p>\n\n\n\n<p>We waren op slag verliefd op deze plek, gelegen in de bossen net naast de Semois. &#8220;s Avonds werden alle spullen geleverd om een lekkere BBQ te houden. <\/p>\n\n\n\n<p>Na wat babbelen (en de nodige marshmallows) rond het vuur vielen we in een diepe slaap. &#8217;s Morgens hangt ons ontbijt voor ons klaar, je kan het met de katrol naar omhoog hijsen.<\/p>\n\n\n\n<p>De plaats is echt magisch, met een prachtig zicht op de Semois. Als er genoeg water staat in de Semois kan je zelfs met een roeibootje even op verkenning.<\/p>\n\n\n\n<div class=\"wp-block-columns is-layout-flex wp-container-core-columns-is-layout-28f84493 wp-block-columns-is-layout-flex\">\n<div class=\"wp-block-column is-layout-flow wp-block-column-is-layout-flow\">\n<figure class=\"wp-block-image size-full\"><img loading=\"lazy\" decoding=\"async\" width=\"774\" height=\"968\" src=\"https:\/\/theglobalwizards.com\/wp-content\/uploads\/2022\/09\/Cabane-et-Valle\u0301e-treehouse-Ardennes-France.jpg\" alt=\"Uniek verblijf Franse Ardennen Boomhut Cabane et Vallee\" class=\"wp-image-18684\" srcset=\"https:\/\/theglobalwizards.com\/wp-content\/uploads\/2022\/09\/Cabane-et-Valle\u0301e-treehouse-Ardennes-France.jpg 774w, https:\/\/theglobalwizards.com\/wp-content\/uploads\/2022\/09\/Cabane-et-Valle\u0301e-treehouse-Ardennes-France-600x750.jpg 600w, https:\/\/theglobalwizards.com\/wp-content\/uploads\/2022\/09\/Cabane-et-Valle\u0301e-treehouse-Ardennes-France-240x300.jpg 240w, https:\/\/theglobalwizards.com\/wp-content\/uploads\/2022\/09\/Cabane-et-Valle\u0301e-treehouse-Ardennes-France-768x960.jpg 768w\" sizes=\"(max-width: 774px) 100vw, 774px\" \/><\/figure>\n<\/div>\n\n\n\n<div class=\"wp-block-column is-layout-flow wp-block-column-is-layout-flow\">\n<figure class=\"wp-block-image size-full\"><img loading=\"lazy\" decoding=\"async\" width=\"774\" height=\"968\" src=\"https:\/\/theglobalwizards.com\/wp-content\/uploads\/2022\/09\/Cabane-et-Valle\u0301e-treehouse-Ardennes-France-4.jpg\" alt=\"Ontbijt aan de Cabane et Vall\u00e9e Franse Ardennen\" class=\"wp-image-18686\" srcset=\"https:\/\/theglobalwizards.com\/wp-content\/uploads\/2022\/09\/Cabane-et-Valle\u0301e-treehouse-Ardennes-France-4.jpg 774w, https:\/\/theglobalwizards.com\/wp-content\/uploads\/2022\/09\/Cabane-et-Valle\u0301e-treehouse-Ardennes-France-4-600x750.jpg 600w, https:\/\/theglobalwizards.com\/wp-content\/uploads\/2022\/09\/Cabane-et-Valle\u0301e-treehouse-Ardennes-France-4-240x300.jpg 240w, https:\/\/theglobalwizards.com\/wp-content\/uploads\/2022\/09\/Cabane-et-Valle\u0301e-treehouse-Ardennes-France-4-768x960.jpg 768w\" sizes=\"(max-width: 774px) 100vw, 774px\" \/><\/figure>\n<\/div>\n<\/div>\n\n\n\n<div class=\"wp-block-columns is-layout-flex wp-container-core-columns-is-layout-28f84493 wp-block-columns-is-layout-flex\">\n<div class=\"wp-block-column is-layout-flow wp-block-column-is-layout-flow\">\n<figure class=\"wp-block-image size-full\"><img loading=\"lazy\" decoding=\"async\" width=\"774\" height=\"968\" src=\"https:\/\/theglobalwizards.com\/wp-content\/uploads\/2022\/09\/Semois-Ardennes-France.jpg\" alt=\"Semois Rivier Ardennen Frankrijk Montherm\u00e9\" class=\"wp-image-18689\" srcset=\"https:\/\/theglobalwizards.com\/wp-content\/uploads\/2022\/09\/Semois-Ardennes-France.jpg 774w, https:\/\/theglobalwizards.com\/wp-content\/uploads\/2022\/09\/Semois-Ardennes-France-600x750.jpg 600w, https:\/\/theglobalwizards.com\/wp-content\/uploads\/2022\/09\/Semois-Ardennes-France-240x300.jpg 240w, https:\/\/theglobalwizards.com\/wp-content\/uploads\/2022\/09\/Semois-Ardennes-France-768x960.jpg 768w\" sizes=\"(max-width: 774px) 100vw, 774px\" \/><\/figure>\n<\/div>\n\n\n\n<div class=\"wp-block-column is-layout-flow wp-block-column-is-layout-flow\">\n<figure class=\"wp-block-image size-full\"><img loading=\"lazy\" decoding=\"async\" width=\"774\" height=\"968\" src=\"https:\/\/theglobalwizards.com\/wp-content\/uploads\/2022\/09\/Cabane-et-Valle\u0301e-treehouse-Breakfast.jpg\" alt=\"BBQ Cabane et Val\u00e9e Boomhut Montherm\u00e9 Ardennen\" class=\"wp-image-18690\" srcset=\"https:\/\/theglobalwizards.com\/wp-content\/uploads\/2022\/09\/Cabane-et-Valle\u0301e-treehouse-Breakfast.jpg 774w, https:\/\/theglobalwizards.com\/wp-content\/uploads\/2022\/09\/Cabane-et-Valle\u0301e-treehouse-Breakfast-600x750.jpg 600w, https:\/\/theglobalwizards.com\/wp-content\/uploads\/2022\/09\/Cabane-et-Valle\u0301e-treehouse-Breakfast-240x300.jpg 240w, https:\/\/theglobalwizards.com\/wp-content\/uploads\/2022\/09\/Cabane-et-Valle\u0301e-treehouse-Breakfast-768x960.jpg 768w\" sizes=\"(max-width: 774px) 100vw, 774px\" \/><\/figure>\n<\/div>\n<\/div>\n\n\n\n<h4 class=\"wp-block-heading\" id=\"other-places-to-stay-around-montherme-and-lac-des-vieilles-forges\">Andere plaatsen waar je kan overnachten rond Montherm\u00e9 en Lac des Vieilles Forges<\/h4>\n\n\n\n<ul class=\"wp-block-list\">\n<li><a href=\"https:\/\/www.booking.com\/hotel\/fr\/gite-renove-en-bord-de-meuse.en.html?aid=1636387&amp;no_rooms=1&amp;group_adults=2\" target=\"_blank\" rel=\"noreferrer noopener sponsored nofollow\">G\u00eete en bord de Meuse<\/a> (naast Montherm\u00e9): leuk vakantiehuisje voor 4 personen, naast de Maas gelegen.<\/li>\n<\/ul>\n\n\n\n<ul class=\"wp-block-list\">\n<li><a href=\"https:\/\/www.booking.com\/hotel\/fr\/le-gite-au-bord-de-la-foret.en.html?aid=1636387&amp;no_rooms=1&amp;group_adults=2\" target=\"_blank\" rel=\"noreferrer noopener sponsored nofollow\">Le G\u00eete au bord de la F\u00f4ret<\/a> (naast Montherm\u00e9): ben je met twee families of een grote groep, dit huis heeft maar liefst 6 slaapkamers.<\/li>\n<\/ul>\n\n\n\n<ul class=\"wp-block-list\">\n<li><a href=\"https:\/\/www.booking.com\/hotel\/fr\/le-col-vert.en.html?aid=1636387&amp;no_rooms=1&amp;group_adults=2\" target=\"_blank\" rel=\"noreferrer noopener sponsored nofollow\">Paisible Maison Enti\u00e8re<\/a>: een prachtig huis met 3 slaapkamers op ongeveer 4km van het meer.<\/li>\n<\/ul>\n\n\n\n<h3 class=\"wp-block-heading\" id=\"h-dag-4-hoogtepunten-rond-montherme-en-charleville-mezieres\"><span class=\"ez-toc-section\" id=\"dag_4_hoogtepunten_rond_montherme_en_charleville-mezieres\"><\/span>Dag 4: Hoogtepunten rond Montherm\u00e9 en Charleville-M\u00e9zi\u00e8res<span class=\"ez-toc-section-end\"><\/span><\/h3>\n\n\n\n<p>Vandaag is onze laatste dag van onze 4- daagse rondtrip door de Franse Ardennen. We verkennen nog verder de omgeving van Montherm\u00e9 en bezoeken Charleville-M\u00e9zi\u00e8res, de hoofdstad van de Franse Ardennen.<\/p>\n\n\n\n<ul class=\"wp-block-list\">\n<li><strong>Bezoek van de Abdij Saint Remy de Laval Dieu<\/strong><\/li>\n<\/ul>\n\n\n\n<p>In Montherm\u00e9 ligt deze prachtige abdij en klooster, <a href=\"https:\/\/www.ardennes.com\/nl\/patrimoine-culturel\/abbaye-saint-remy-de-laval-dieu\/\" target=\"_blank\" rel=\"noreferrer noopener\">Abbaye Saint Remy de Laval Dieu.<\/a> Helaas is het gesloten wanneer wij er zijn (check de openingstijden voordat je aankomt) maar we kunnen nog steeds genieten van een prachtig uitzicht op de abdij. <br><br>Loop eerst dicht bij de abdij om de structuur en de tuinen te bekijken. En dan kan je naar het mooiste zicht via de brug, aan de andere kant van de rivier. <\/p>\n\n\n\n<p>Naast de rivier kan je ook wandelen of fietsen langs <a href=\"https:\/\/www.ardennes.com\/nl\/randonnee\/voie-touristique-trans-semoysienne\/\" target=\"_blank\" rel=\"noreferrer noopener\">de Trans-Semoysienne.<\/a> Een prachtige 20km langs een prachtig pad dat de Semois volgt.<\/p>\n\n\n\n<figure class=\"wp-block-image aligncenter size-full\"><img loading=\"lazy\" decoding=\"async\" width=\"968\" height=\"645\" src=\"https:\/\/theglobalwizards.com\/wp-content\/uploads\/2022\/09\/Abbaye-Saint-Remy-de-Laval-Dieu.jpg\" alt=\"Montherm\u00e9 Abdij Saint Remy de Laval Dieu\" class=\"wp-image-18693\" srcset=\"https:\/\/theglobalwizards.com\/wp-content\/uploads\/2022\/09\/Abbaye-Saint-Remy-de-Laval-Dieu.jpg 968w, https:\/\/theglobalwizards.com\/wp-content\/uploads\/2022\/09\/Abbaye-Saint-Remy-de-Laval-Dieu-600x400.jpg 600w, https:\/\/theglobalwizards.com\/wp-content\/uploads\/2022\/09\/Abbaye-Saint-Remy-de-Laval-Dieu-300x200.jpg 300w, https:\/\/theglobalwizards.com\/wp-content\/uploads\/2022\/09\/Abbaye-Saint-Remy-de-Laval-Dieu-768x512.jpg 768w\" sizes=\"(max-width: 968px) 100vw, 968px\" \/><\/figure>\n\n\n\n<ul class=\"wp-block-list\">\n<li><strong>Genietend van het uitkijkpunt: Roc la Tour in Montherm\u00e9<\/strong><\/li>\n<\/ul>\n\n\n\n<p>Een andere leuke activiteit die je nog kan doen is het uitkijkpunt van <a href=\"https:\/\/www.ardennes.com\/nl\/la-destination\/les-incontournables-nature-loisirs\/le-roc-la-tour-amas-rocheux-montherme-ardennes\/\" target=\"_blank\" rel=\"noreferrer noopener\">Roc La Tour.<\/a> Je kan helemaal met de auto naar boven rijden of een van de wandelpaden volgen. <\/p>\n\n\n\n<p>Wanneer je de rotsen bereikt kun je genieten van \u00e9\u00e9n van de mooiste uitzichten over de bossen van de Franse Ardennen. <\/p>\n\n\n\n<p>Na dit uitkijkpunt rijden we verder richting Charleville-M\u00e9zi\u00e8res. <\/p>\n\n\n\n<figure class=\"wp-block-image aligncenter size-full\"><img loading=\"lazy\" decoding=\"async\" width=\"968\" height=\"645\" src=\"https:\/\/theglobalwizards.com\/wp-content\/uploads\/2022\/09\/Roc-La-Tour-Viewpoint-Ardennes-France.jpg\" alt=\"Roc La Tour Uitkijkpunt Montherm\u00e9 Franse Ardennen\" class=\"wp-image-18695\" srcset=\"https:\/\/theglobalwizards.com\/wp-content\/uploads\/2022\/09\/Roc-La-Tour-Viewpoint-Ardennes-France.jpg 968w, https:\/\/theglobalwizards.com\/wp-content\/uploads\/2022\/09\/Roc-La-Tour-Viewpoint-Ardennes-France-600x400.jpg 600w, https:\/\/theglobalwizards.com\/wp-content\/uploads\/2022\/09\/Roc-La-Tour-Viewpoint-Ardennes-France-300x200.jpg 300w, https:\/\/theglobalwizards.com\/wp-content\/uploads\/2022\/09\/Roc-La-Tour-Viewpoint-Ardennes-France-768x512.jpg 768w\" sizes=\"(max-width: 968px) 100vw, 968px\" \/><\/figure>\n\n\n\n<ul class=\"wp-block-list\">\n<li><strong>Charleville-Mezi\u00e9r\u00e8s (en proeven van de Carolo<\/strong>)<\/li>\n<\/ul>\n\n\n\n<p>Charleville-M\u00e9zi\u00e8res is de administratieve hoofdstad van de Franse Ardennen. Een van de hoogtepunten is de Place Ducale, ge\u00efnspireerd op de Place des Vosges in Parijs. Dwaal door de stad en geniet van de prachtige straten en gebouwen.<\/p>\n\n\n\n<p>Ga naar de bakkerij &#8220;<a href=\"https:\/\/www.facebook.com\/Lemontolympe\/\" target=\"_blank\" rel=\"noreferrer noopener\">Mont Olympe<\/a>&#8221; om &#8220;<a href=\"https:\/\/www.charleville-sedan-tourisme.fr\/actus\/culture\/un-dessert-ardennais-le-carolo\/\" target=\"_blank\" rel=\"noreferrer noopener\">Le Carolo<\/a>&#8221; en &#8220;L&#8217;Ardennaise&#8221; te proeven, twee typische desserts voor de Franse Ardennen. Wees niet te verlegen om een beetje uitleg te vragen, die zullen ze zeker geven! Bekijk zeker ook eens hun eigen chocolade merk.<\/p>\n\n\n\n<p>Dit is dan ook onze laatste stop van onze 4 dagen rondreis doorheen de Franse Ardennen. Heb je meer tijd of wil je wat extra idee\u00ebn, kijk dan in het volgende hoofdstuk waar we je nog wat highlights van de omgeving geven.<\/p>\n\n\n\n<figure class=\"wp-block-image aligncenter size-full\"><img loading=\"lazy\" decoding=\"async\" width=\"968\" height=\"646\" src=\"https:\/\/theglobalwizards.com\/wp-content\/uploads\/2022\/09\/Mont-Olympe-Le-Carolo.jpg\" alt=\"De Carolo typische eten Charleville-M\u00e9zi\u00e8res Ardennen\" class=\"wp-image-18699\" srcset=\"https:\/\/theglobalwizards.com\/wp-content\/uploads\/2022\/09\/Mont-Olympe-Le-Carolo.jpg 968w, https:\/\/theglobalwizards.com\/wp-content\/uploads\/2022\/09\/Mont-Olympe-Le-Carolo-600x400.jpg 600w, https:\/\/theglobalwizards.com\/wp-content\/uploads\/2022\/09\/Mont-Olympe-Le-Carolo-300x200.jpg 300w, https:\/\/theglobalwizards.com\/wp-content\/uploads\/2022\/09\/Mont-Olympe-Le-Carolo-768x513.jpg 768w\" sizes=\"(max-width: 968px) 100vw, 968px\" \/><\/figure>\n\n\n\n<h4 class=\"wp-block-heading\" id=\"where-to-stay-in-charleville-mezieres\">Waar te verblijven in Charleville-M\u00e9zi\u00e8res<\/h4>\n\n\n\n<p>Omdat we een auto huurden, gaven we hem terug en namen de trein terug vanaf het station van Charleville-M\u00e9zi\u00e8res. Heb je nog meer tijd? Verblijf dan zeker nog een extra nachtje om van deze gezellige stad te genieten.<\/p>\n\n\n\n<ul class=\"wp-block-list\">\n<li><a href=\"https:\/\/www.booking.com\/hotel\/fr\/suite-izambard.en.html?aid=1636387&amp;no_rooms=1&amp;group_adults=2\" target=\"_blank\" rel=\"noreferrer noopener sponsored nofollow\">Suite Izambard<\/a>: een prachtig twee kamer appartement in het centrum van de stad.<\/li>\n<\/ul>\n\n\n\n<ul class=\"wp-block-list\">\n<li><a href=\"https:\/\/www.booking.com\/hotel\/fr\/studio-chaleureux-en-hyper-centre.en.html?aid=1636387&amp;no_rooms=1&amp;group_adults=2\" target=\"_blank\" rel=\"noreferrer noopener sponsored nofollow\">Studio Chaleureux<\/a>: een klein maar charmante twee- persoons studio, centraal gelegen.<\/li>\n<\/ul>\n\n\n\n<ul class=\"wp-block-list\">\n<li><a href=\"https:\/\/www.booking.com\/searchresults.en.html?city=-1418733&amp;aid=1636387&amp;no_rooms=1&amp;group_adults=2\" target=\"_blank\" rel=\"noreferrer noopener sponsored nofollow\">Bekijk alle accomodaties in Charleville-M\u00e9zi\u00e8res<\/a><\/li>\n<\/ul>\n\n\n\n<h2 class=\"wp-block-heading\" id=\"overview-of-what-you-to-do-in-the-ardennes-in-france-if-you-have-extra-time\"><span class=\"ez-toc-section\" id=\"overzicht_van_extra_activiteiten_in_de_franse_ardennen\"><\/span>Overzicht van extra activiteiten in de Franse Ardennen<span class=\"ez-toc-section-end\"><\/span><\/h2>\n\n\n\n<p>Zoals eerder gezegd hebben we ervoor gekozen om langzaam door de Franse Ardennen te reizen en de tijd te nemen om echt van de omgeving te genieten en een aantal unieke activiteiten te ondernemen. <\/p>\n\n\n\n<p>Heb je minder tijd of net meer tijd om de omgeving te verkennen? <\/p>\n\n\n\n<p>Bekijk dan zeker dit lijstje nog eens met leuke activiteiten. Deze lijst is natuurlijk verre van compleet. Er zijn nog heel wat andere dingen te ontdekken in de Franse Ardennen. Maar het is alvast een goede start! <\/p>\n\n\n\n<h3 class=\"wp-block-heading\" id=\"what-to-do-in-and-around-sedan\"><span class=\"ez-toc-section\" id=\"wat_kan_je_doen_in_en_rond_sedan\"><\/span>Wat kan je doen in en rond Sedan<span class=\"ez-toc-section-end\"><\/span><\/h3>\n\n\n\n<ul class=\"wp-block-list\">\n<li><strong>Chateau Fort De Sedan<\/strong> &#8211; Kasteel van Sedan <em>(zie onze rondreis)<\/em><\/li>\n\n\n\n<li><strong>Sedan centrum<\/strong> met het Palais des Princes en park <em>(zie onze rondreis)<\/em>.<\/li>\n\n\n\n<li><strong>Duits Kerkhof<\/strong> in Noyers-Pont-Maugis <em>(zie onze rondreis)<\/em>.<\/li>\n\n\n\n<li><strong>Ouvrage de la Fert\u00e9<\/strong> (Ouvrage Villy-La Fert\u00e9): een militaire constructie (ouvrage) van de Maginotlinie, in Montm\u00e9dy.<\/li>\n\n\n\n<li><strong>Domaine de Vendresse<\/strong>: Een leuk familiepark met heel wat activiteiten<\/li>\n<\/ul>\n\n\n\n<figure class=\"wp-block-image aligncenter size-full\"><img loading=\"lazy\" decoding=\"async\" width=\"968\" height=\"726\" src=\"https:\/\/theglobalwizards.com\/wp-content\/uploads\/2022\/09\/Chateau-Fort-Sedan-Drone.jpg\" alt=\"Wat te doen in Sedan Ardennen\" class=\"wp-image-18701\" srcset=\"https:\/\/theglobalwizards.com\/wp-content\/uploads\/2022\/09\/Chateau-Fort-Sedan-Drone.jpg 968w, https:\/\/theglobalwizards.com\/wp-content\/uploads\/2022\/09\/Chateau-Fort-Sedan-Drone-600x450.jpg 600w, https:\/\/theglobalwizards.com\/wp-content\/uploads\/2022\/09\/Chateau-Fort-Sedan-Drone-300x225.jpg 300w, https:\/\/theglobalwizards.com\/wp-content\/uploads\/2022\/09\/Chateau-Fort-Sedan-Drone-768x576.jpg 768w\" sizes=\"(max-width: 968px) 100vw, 968px\" \/><\/figure>\n\n\n\n<h3 class=\"wp-block-heading\" id=\"what-to-do-in-and-around-charleville-mezieres\"><span class=\"ez-toc-section\" id=\"wat_te_doen_in_en_rond_charleville-mezieres\"><\/span>Wat te doen in en rond Charleville-M\u00e9zi\u00e8res<span class=\"ez-toc-section-end\"><\/span><\/h3>\n\n\n\n<ul class=\"wp-block-list\">\n<li><strong>Place Ducale:<\/strong> prachtig centraal plein in Charleville-M\u00e9zi\u00e8res <em>(zie onze rondreis).<\/em><\/li>\n\n\n\n<li><strong>Mus\u00e9e de l&#8217;Ardennes<\/strong>: een leuk museum vol historie<\/li>\n\n\n\n<li><strong style=\"font-size: 1rem;\">Proeven van Le Carolo:<\/strong> <span style=\"font-size: 1rem;\">proef het lokale dessert op Mont Olympe in Charleville-M\u00e9zi\u00e8res<\/span> (<em style=\"font-size: 1rem;\">zie onze rondreis<\/em>).<\/li>\n\n\n\n<li><strong>Mus\u00e9e Arthur Rimbaud:<\/strong> een museum gewijd aan deze beroemde dichter van Charleville-M\u00e9zi\u00e8res, gevestigd in een prachtig gebouw.<\/li>\n\n\n\n<li><strong>La Maison des Ailleurs<\/strong>: een voormalig huis van Arthur Rimbaud<\/li>\n\n\n\n<li><strong>Bekijk een poppenkastvoorstelling:<\/strong> in September wordt het Wereldpoppenfestival gehouden in Charleville-M\u00e9zi\u00e8res, maar als je Charleville een andere tijd van het jaar bezoekt, kan je luisteren naar &#8216;Le Grand Marionnetiste&#8217; die elk uur het verhaal vertelt van de Vier zonen van Aymon.<\/li>\n\n\n\n<li><strong>Fort des Ayvelles:<\/strong> een indrukwekkend fort ten zuiden van Charleville-M\u00e9zi\u00e8res, vlakbij de Villers-Semeuse en Les Ayvelles.<\/li>\n<\/ul>\n\n\n\n<figure class=\"wp-block-image aligncenter size-full\"><img loading=\"lazy\" decoding=\"async\" width=\"968\" height=\"646\" src=\"https:\/\/theglobalwizards.com\/wp-content\/uploads\/2022\/09\/Place-Ducal-Charleville-Me\u0301zie\u0300res.jpg\" alt=\"Wat te doen in Charleville-M\u00e9zi\u00e8res\" class=\"wp-image-18702\" srcset=\"https:\/\/theglobalwizards.com\/wp-content\/uploads\/2022\/09\/Place-Ducal-Charleville-Me\u0301zie\u0300res.jpg 968w, https:\/\/theglobalwizards.com\/wp-content\/uploads\/2022\/09\/Place-Ducal-Charleville-Me\u0301zie\u0300res-600x400.jpg 600w, https:\/\/theglobalwizards.com\/wp-content\/uploads\/2022\/09\/Place-Ducal-Charleville-Me\u0301zie\u0300res-300x200.jpg 300w, https:\/\/theglobalwizards.com\/wp-content\/uploads\/2022\/09\/Place-Ducal-Charleville-Me\u0301zie\u0300res-768x513.jpg 768w\" sizes=\"(max-width: 968px) 100vw, 968px\" \/><\/figure>\n\n\n\n<h3 class=\"wp-block-heading\" id=\"what-to-do-in-the-parc-naturel-regional-des-ardennes\"><span class=\"ez-toc-section\" id=\"wat_te_doen_in_het_nationale_parc_de_franse_ardennen\"><\/span>Wat te doen in het Nationale Parc de Franse Ardennen<span class=\"ez-toc-section-end\"><\/span><\/h3>\n\n\n\n<p><strong>Leuke stadjes:<\/strong><\/p>\n\n\n\n<ul class=\"wp-block-list\">\n<li><strong>Montherm\u00e9<\/strong>: een klein dorpje dat je gezien moet hebben met prachtige uitzichtpunten, 18 km van Charleville-M\u00e9zi\u00e8res (<em>staat in onze reisbeschrijving<\/em>).<\/li>\n\n\n\n<li><strong>Haybes<\/strong>: een charmant stadje vlakbij de Belgische grens, 35 km van Charleville-M\u00e9zi\u00e8res<\/li>\n\n\n\n<li><strong>Hierges<\/strong>: een middeleeuws stadje met een kasteel en mooie huizen, 55 km van Charleville-M\u00e9zi\u00e8res.<\/li>\n<\/ul>\n\n\n\n<p><strong>Uitkijkpunten:<\/strong><\/p>\n\n\n\n<ul class=\"wp-block-list\">\n<li><strong>La Roche \u00e0 Sept Heures:<\/strong> prachtig uitzicht over de stad en de meander &#8216;Boucle de Meuse&#8217; in Montherm\u00e9 (<em>staat in onze reisbeschrijving).<\/em><\/li>\n\n\n\n<li><strong>Roc La Tour:<\/strong> unieke rotsformaties en uitzicht over de groene bossen van de Ardennen in Frankrijk, vlakbij Montherm\u00e9 (<em>staat in onze reisbeschrijving<\/em>).<\/li>\n\n\n\n<li><strong>Le Rocher des 4 Fils Aymon:<\/strong> nog een prachtig uitzichtpunt met een standbeeld van de 4 broers, vlakbij Montherm\u00e9 en Bogny-sur-Meuse.<\/li>\n<\/ul>\n\n\n\n<figure class=\"wp-block-image aligncenter size-full\"><img loading=\"lazy\" decoding=\"async\" width=\"968\" height=\"646\" src=\"https:\/\/theglobalwizards.com\/wp-content\/uploads\/2022\/09\/Roche-a\u0300-Sept-Heures-Montherme\u0301-Ardennes-France.jpg\" alt=\"Wat te doen in het Nationale Park van de Franse Ardennen - Uitkijkpunten\" class=\"wp-image-18704\" srcset=\"https:\/\/theglobalwizards.com\/wp-content\/uploads\/2022\/09\/Roche-a\u0300-Sept-Heures-Montherme\u0301-Ardennes-France.jpg 968w, https:\/\/theglobalwizards.com\/wp-content\/uploads\/2022\/09\/Roche-a\u0300-Sept-Heures-Montherme\u0301-Ardennes-France-600x400.jpg 600w, https:\/\/theglobalwizards.com\/wp-content\/uploads\/2022\/09\/Roche-a\u0300-Sept-Heures-Montherme\u0301-Ardennes-France-300x200.jpg 300w, https:\/\/theglobalwizards.com\/wp-content\/uploads\/2022\/09\/Roche-a\u0300-Sept-Heures-Montherme\u0301-Ardennes-France-768x513.jpg 768w\" sizes=\"(max-width: 968px) 100vw, 968px\" \/><\/figure>\n\n\n\n<p><strong>Leuke activiteiten in de Franse Ardennen:<\/strong><\/p>\n\n\n\n<ul class=\"wp-block-list\">\n<li><strong>Lac des Vieilles Forges<\/strong>: een groot meer dat tussen de bossen van de Franse Ardennen ligt met de mogelijkheid om te kamperen, een strand en vele buitenactiviteiten (<em>besproken in onze reisbeschrijving<\/em>).<\/li>\n\n\n\n<li><span style=\"font-size: 1rem;\"><strong>Trans-Semoysienne pad<\/strong><\/span>: een prachtige wandel- of fietsroute van 20 km langs de rivier de Semois, geschikt voor iedereen (<em>staat in onze reisbeschrijving)<\/em>.<\/li>\n\n\n\n<li><strong>Fort van Charlemont &#8211; Citadelle de Givet<\/strong>: deze citadel ligt in het plaatsje Givet aan de Maas en vlakbij de Belgische grens.<\/li>\n\n\n\n<li><strong>Fortification van Rocroi<\/strong>: deze vestingstad werd gebouwd in de vorm van een vijfhoek.<\/li>\n\n\n\n<li><strong>Abbaye Saint Remy de Laval Dieu<\/strong>: prachtige abdij in Montherm\u00e9 (staat in onze reisbeschrijving)<\/li>\n\n\n\n<li><strong>Elfy Park Ardennes<\/strong>: een sprookjesachtig pretpark waar de vele verhalen van de Franse Ardennen tot leven komen voor het hele gezin, vlakbij Lac des Vieilles Forges.<\/li>\n\n\n\n<li><strong>Terraltitude Adventure Park<\/strong>: een avonturenpark dat de waaghals in je naar boven haalt, in Fumay bij de Maas.<\/li>\n<\/ul>\n\n\n\n<h3 class=\"wp-block-heading\" id=\"other-things-to-do-in-the-french-ardennes\"><span class=\"ez-toc-section\" id=\"wat_kan_je_nog_doen_in_de_franse_ardennen\"><\/span>Wat kan je nog doen in de Franse Ardennen<span class=\"ez-toc-section-end\"><\/span><\/h3>\n\n\n\n<ul class=\"wp-block-list\">\n<li><strong>Argonne Discovery Park<\/strong>: een prachtig dierenpark waar je de lokale dieren in hun natuurlijke habitat kunt zien.<\/li>\n\n\n\n<li><strong>War museum (Mus\u00e9e Guerre et Paix en Ardennes)<\/strong>: een museum over de oorlogsgeschiedenis van de Franse Ardennen.<\/li>\n<\/ul>\n\n\n\n<p>Het zit er op! We hopen dat je onze gids voor de Franse Ardennen en onze 4-daagse rondreis door de regio leuk vond. Laat het ons zeker weten als je nog vragen hebt of suggesties via de commentaren!<\/p>\n\n\n\n<h3 class=\"wp-block-heading\" id=\"h-bewaar-dit-artikel-voor-later-op-pinterest\"><span class=\"ez-toc-section\" id=\"bewaar_dit_artikel_voor_later_op_pinterest\"><\/span>Bewaar dit artikel voor later op Pinterest<span class=\"ez-toc-section-end\"><\/span><\/h3>\n\n\n\n<div class=\"wp-block-columns is-layout-flex wp-container-core-columns-is-layout-28f84493 wp-block-columns-is-layout-flex\">\n<div class=\"wp-block-column is-layout-flow wp-block-column-is-layout-flow\">\n<figure class=\"wp-block-image size-large\"><img loading=\"lazy\" decoding=\"async\" width=\"683\" height=\"1024\" src=\"https:\/\/theglobalwizards.com\/wp-content\/uploads\/2022\/09\/Vakantie-in-de-Franse-Ardennen-683x1024.jpg\" alt=\"Wat te doen in de Franse Ardennen\" class=\"wp-image-33960\" srcset=\"https:\/\/theglobalwizards.com\/wp-content\/uploads\/2022\/09\/Vakantie-in-de-Franse-Ardennen-683x1024.jpg 683w, https:\/\/theglobalwizards.com\/wp-content\/uploads\/2022\/09\/Vakantie-in-de-Franse-Ardennen-600x900.jpg 600w, https:\/\/theglobalwizards.com\/wp-content\/uploads\/2022\/09\/Vakantie-in-de-Franse-Ardennen-200x300.jpg 200w, https:\/\/theglobalwizards.com\/wp-content\/uploads\/2022\/09\/Vakantie-in-de-Franse-Ardennen-768x1152.jpg 768w, https:\/\/theglobalwizards.com\/wp-content\/uploads\/2022\/09\/Vakantie-in-de-Franse-Ardennen.jpg 1000w\" sizes=\"(max-width: 683px) 100vw, 683px\" \/><\/figure>\n<\/div>\n\n\n\n<div class=\"wp-block-column is-layout-flow wp-block-column-is-layout-flow\">\n<figure class=\"wp-block-image size-large\"><img loading=\"lazy\" decoding=\"async\" width=\"683\" height=\"1024\" src=\"https:\/\/theglobalwizards.com\/wp-content\/uploads\/2022\/09\/Franse-Ardennen-Bezienswaardigheden-683x1024.jpg\" alt=\"Roadtrip Franse Ardennen met kinderen\" class=\"wp-image-33962\" srcset=\"https:\/\/theglobalwizards.com\/wp-content\/uploads\/2022\/09\/Franse-Ardennen-Bezienswaardigheden-683x1024.jpg 683w, https:\/\/theglobalwizards.com\/wp-content\/uploads\/2022\/09\/Franse-Ardennen-Bezienswaardigheden-600x900.jpg 600w, https:\/\/theglobalwizards.com\/wp-content\/uploads\/2022\/09\/Franse-Ardennen-Bezienswaardigheden-200x300.jpg 200w, https:\/\/theglobalwizards.com\/wp-content\/uploads\/2022\/09\/Franse-Ardennen-Bezienswaardigheden-768x1152.jpg 768w, https:\/\/theglobalwizards.com\/wp-content\/uploads\/2022\/09\/Franse-Ardennen-Bezienswaardigheden.jpg 1000w\" sizes=\"(max-width: 683px) 100vw, 683px\" \/><\/figure>\n<\/div>\n<\/div>\n\n\n\n<h3 class=\"wp-block-heading\" id=\"other-articles-you-might-find-interesting\"><span class=\"ez-toc-section\" id=\"onze_andere_artikels_over_frankrijk\"><\/span>Onze andere artikels over Frankrijk<span class=\"ez-toc-section-end\"><\/span><\/h3>\n\n\n\n<div class=\"wp-block-columns is-layout-flex wp-container-core-columns-is-layout-28f84493 wp-block-columns-is-layout-flex\">\n<div class=\"wp-block-column is-layout-flow wp-block-column-is-layout-flow\">\n<figure class=\"wp-block-image size-full\"><a href=\"https:\/\/theglobalwizards.com\/nl\/bezienswaardigheden-provence-frankrijk\/\"><img loading=\"lazy\" decoding=\"async\" width=\"600\" height=\"400\" src=\"https:\/\/theglobalwizards.com\/wp-content\/uploads\/2024\/08\/Provence-bezienswaardigheden.jpg\" alt=\"Provence bezienswaardigheden Zuid Frankrijk\" class=\"wp-image-31155\" srcset=\"https:\/\/theglobalwizards.com\/wp-content\/uploads\/2024\/08\/Provence-bezienswaardigheden.jpg 600w, https:\/\/theglobalwizards.com\/wp-content\/uploads\/2024\/08\/Provence-bezienswaardigheden-300x200.jpg 300w\" sizes=\"(max-width: 600px) 100vw, 600px\" \/><\/a><\/figure>\n<\/div>\n\n\n\n<div class=\"wp-block-column is-layout-flow wp-block-column-is-layout-flow\">\n<figure class=\"wp-block-image size-full\"><a href=\"https:\/\/theglobalwizards.com\/nl\/13-leuke-activiteiten-in-boulogne-sur-mer\/\"><img loading=\"lazy\" decoding=\"async\" width=\"600\" height=\"400\" src=\"https:\/\/theglobalwizards.com\/wp-content\/uploads\/2023\/11\/leuke-activiteiten-in-boulogne-sur-mer.png\" alt=\"13 leuke activiteiten in boulogne sur mer\" class=\"wp-image-24694\" srcset=\"https:\/\/theglobalwizards.com\/wp-content\/uploads\/2023\/11\/leuke-activiteiten-in-boulogne-sur-mer.png 600w, https:\/\/theglobalwizards.com\/wp-content\/uploads\/2023\/11\/leuke-activiteiten-in-boulogne-sur-mer-300x200.png 300w\" sizes=\"(max-width: 600px) 100vw, 600px\" \/><\/a><\/figure>\n<\/div>\n\n\n\n<div class=\"wp-block-column is-layout-flow wp-block-column-is-layout-flow\">\n<figure class=\"wp-block-image size-full\"><a href=\"https:\/\/theglobalwizards.com\/nl\/nausicaa-aquarium-evancy-boulogne-sur-mer\/\"><img loading=\"lazy\" decoding=\"async\" width=\"600\" height=\"400\" src=\"https:\/\/theglobalwizards.com\/wp-content\/uploads\/2023\/11\/NAUSICAA-AQUARIUM-en-EVANCY-IN-BOULOGNE-SUR-MER.png\" alt=\"Nausicaa Aquarium en Evancy in Boulogne Sur Mer\" class=\"wp-image-24681\" srcset=\"https:\/\/theglobalwizards.com\/wp-content\/uploads\/2023\/11\/NAUSICAA-AQUARIUM-en-EVANCY-IN-BOULOGNE-SUR-MER.png 600w, https:\/\/theglobalwizards.com\/wp-content\/uploads\/2023\/11\/NAUSICAA-AQUARIUM-en-EVANCY-IN-BOULOGNE-SUR-MER-300x200.png 300w\" sizes=\"(max-width: 600px) 100vw, 600px\" \/><\/a><\/figure>\n<\/div>\n<\/div>\n\n\n\n<div class=\"wp-block-columns is-layout-flex wp-container-core-columns-is-layout-28f84493 wp-block-columns-is-layout-flex\">\n<div class=\"wp-block-column is-layout-flow wp-block-column-is-layout-flow\">\n<figure class=\"wp-block-image size-full\"><a href=\"https:\/\/theglobalwizards.com\/nl\/leukste-wijken-parijs-verblijven\/\"><img loading=\"lazy\" decoding=\"async\" width=\"600\" height=\"400\" src=\"https:\/\/theglobalwizards.com\/wp-content\/uploads\/2023\/11\/Leuke-wijken-in-Parijs-1.png\" alt=\"de leukste weken in Parijs\" class=\"wp-image-24691\" srcset=\"https:\/\/theglobalwizards.com\/wp-content\/uploads\/2023\/11\/Leuke-wijken-in-Parijs-1.png 600w, https:\/\/theglobalwizards.com\/wp-content\/uploads\/2023\/11\/Leuke-wijken-in-Parijs-1-300x200.png 300w\" sizes=\"(max-width: 600px) 100vw, 600px\" \/><\/a><\/figure>\n\n\n\n<figure class=\"wp-block-image size-full\"><a href=\"https:\/\/theglobalwizards.com\/nl\/glamping-zuid-frankrijk-camping\/\" target=\"_blank\" rel=\"noreferrer noopener\"><img loading=\"lazy\" decoding=\"async\" width=\"600\" height=\"400\" src=\"https:\/\/theglobalwizards.com\/wp-content\/uploads\/2024\/08\/Provence-bezienswaardigheden.png\" alt=\"\" class=\"wp-image-31191\" srcset=\"https:\/\/theglobalwizards.com\/wp-content\/uploads\/2024\/08\/Provence-bezienswaardigheden.png 600w, https:\/\/theglobalwizards.com\/wp-content\/uploads\/2024\/08\/Provence-bezienswaardigheden-300x200.png 300w\" sizes=\"(max-width: 600px) 100vw, 600px\" \/><\/a><\/figure>\n<\/div>\n\n\n\n<div class=\"wp-block-column is-layout-flow wp-block-column-is-layout-flow\">\n<figure class=\"wp-block-image size-full\"><a href=\"https:\/\/theglobalwizards.com\/nl\/onze-gids-voor-de-ardennen-in-frankrijk-4-dagen-rondreis\/\"><img loading=\"lazy\" decoding=\"async\" width=\"600\" height=\"400\" src=\"https:\/\/theglobalwizards.com\/wp-content\/uploads\/2023\/06\/Ardennen-in-Frankrijk-Reisroute-1.jpg\" alt=\"\" class=\"wp-image-22280\" srcset=\"https:\/\/theglobalwizards.com\/wp-content\/uploads\/2023\/06\/Ardennen-in-Frankrijk-Reisroute-1.jpg 600w, https:\/\/theglobalwizards.com\/wp-content\/uploads\/2023\/06\/Ardennen-in-Frankrijk-Reisroute-1-300x200.jpg 300w\" sizes=\"(max-width: 600px) 100vw, 600px\" \/><\/a><\/figure>\n\n\n\n<figure class=\"wp-block-image size-full\"><img loading=\"lazy\" decoding=\"async\" width=\"600\" height=\"400\" src=\"https:\/\/theglobalwizards.com\/wp-content\/uploads\/2026\/03\/onze-ultieme-rondreis-door-de-provence.jpg\" alt=\"onze rondreis door de provence en zuid frankrijk\" class=\"wp-image-36555\" srcset=\"https:\/\/theglobalwizards.com\/wp-content\/uploads\/2026\/03\/onze-ultieme-rondreis-door-de-provence.jpg 600w, https:\/\/theglobalwizards.com\/wp-content\/uploads\/2026\/03\/onze-ultieme-rondreis-door-de-provence-300x200.jpg 300w\" sizes=\"(max-width: 600px) 100vw, 600px\" \/><\/figure>\n<\/div>\n\n\n\n<div class=\"wp-block-column is-layout-flow wp-block-column-is-layout-flow\">\n<figure class=\"wp-block-image size-full\"><a href=\"https:\/\/theglobalwizards.com\/nl\/gezin-ripstar-surf-family-camp-montalivet-frankrijk\/\"><img loading=\"lazy\" decoding=\"async\" width=\"600\" height=\"400\" src=\"https:\/\/theglobalwizards.com\/wp-content\/uploads\/2024\/07\/Ripstar-Surf-Family-Kamp-Montalivet-Frankrijk.jpg\" alt=\"Risptar Surf &amp; Family Camp Review\" class=\"wp-image-29667\" srcset=\"https:\/\/theglobalwizards.com\/wp-content\/uploads\/2024\/07\/Ripstar-Surf-Family-Kamp-Montalivet-Frankrijk.jpg 600w, https:\/\/theglobalwizards.com\/wp-content\/uploads\/2024\/07\/Ripstar-Surf-Family-Kamp-Montalivet-Frankrijk-300x200.jpg 300w\" sizes=\"(max-width: 600px) 100vw, 600px\" \/><\/a><\/figure>\n<\/div>\n<\/div>\n\n\n\n<div class=\"wp-block-columns is-layout-flex wp-container-core-columns-is-layout-28f84493 wp-block-columns-is-layout-flex\">\n<div class=\"wp-block-column is-layout-flow wp-block-column-is-layout-flow\"><\/div>\n\n\n\n<div class=\"wp-block-column is-layout-flow wp-block-column-is-layout-flow\"><\/div>\n\n\n\n<div class=\"wp-block-column is-layout-flow wp-block-column-is-layout-flow\"><\/div>\n<\/div>\n\n\n\n<h2 class=\"wp-block-heading\" id=\"the-ardennes-in-france-guide-our-4-day-itinerary\"><span class=\"ez-toc-section\" id=\"de_ardennen_in_frankrijk_gids_onze_4-_dagen_rondreis\"><\/span>De Ardennen in Frankrijk Gids: onze 4- dagen rondreis<span class=\"ez-toc-section-end\"><\/span><\/h2>\n","protected":false},"excerpt":{"rendered":"<p>Bezoek de Franse Ardennen: slow travel in Frankrijk Ben je op zoek naar een leuke trip in Frankrijk? Heb je al eens gedacht aan de Franse Ardennen? Hou je van slow travel, dan is dit misschien wel een leuke bestemming met heel wat lokale en authentieke ervaringen. Je zal ongetwijfeld gecharmeerd zijn door de Ardennen. [&hellip;]<\/p>\n","protected":false},"author":4,"featured_media":18697,"comment_status":"open","ping_status":"closed","sticky":false,"template":"","format":"standard","meta":{"site-sidebar-layout":"default","site-content-layout":"default","ast-site-content-layout":"default","site-content-style":"default","site-sidebar-style":"default","ast-global-header-display":"","ast-banner-title-visibility":"","ast-main-header-display":"","ast-hfb-above-header-display":"","ast-hfb-below-header-display":"","ast-hfb-mobile-header-display":"","site-post-title":"","ast-breadcrumbs-content":"","ast-featured-img":"","footer-sml-layout":"","theme-transparent-header-meta":"default","adv-header-id-meta":"","stick-header-meta":"default","header-above-stick-meta":"","header-main-stick-meta":"","header-below-stick-meta":"","astra-migrate-meta-layouts":"set","ast-page-background-enabled":"default","ast-page-background-meta":{"desktop":{"background-color":"var(--ast-global-color-4)","background-image":"","background-repeat":"repeat","background-position":"center center","background-size":"auto","background-attachment":"scroll","background-type":"","background-media":"","overlay-type":"","overlay-color":"","overlay-gradient":""},"tablet":{"background-color":"","background-image":"","background-repeat":"repeat","background-position":"center center","background-size":"auto","background-attachment":"scroll","background-type":"","background-media":"","overlay-type":"","overlay-color":"","overlay-gradient":""},"mobile":{"background-color":"","background-image":"","background-repeat":"repeat","background-position":"center center","background-size":"auto","background-attachment":"scroll","background-type":"","background-media":"","overlay-type":"","overlay-color":"","overlay-gradient":""}},"ast-content-background-meta":{"desktop":{"background-color":"var(--ast-global-color-5)","background-image":"","background-repeat":"repeat","background-position":"center center","background-size":"auto","background-attachment":"scroll","background-type":"","background-media":"","overlay-type":"","overlay-color":"","overlay-gradient":""},"tablet":{"background-color":"var(--ast-global-color-5)","background-image":"","background-repeat":"repeat","background-position":"center center","background-size":"auto","background-attachment":"scroll","background-type":"","background-media":"","overlay-type":"","overlay-color":"","overlay-gradient":""},"mobile":{"background-color":"var(--ast-global-color-5)","background-image":"","background-repeat":"repeat","background-position":"center center","background-size":"auto","background-attachment":"scroll","background-type":"","background-media":"","overlay-type":"","overlay-color":"","overlay-gradient":""}},"footnotes":""},"categories":[113,5,213,215,118,233],"tags":[],"class_list":["post-18748","post","type-post","status-publish","format-standard","has-post-thumbnail","hentry","category-bestemmingen","category-destinations","category-france","category-france-2","category-frankrijk","category-frankrijk-nl"],"_links":{"self":[{"href":"https:\/\/theglobalwizards.com\/nl\/wp-json\/wp\/v2\/posts\/18748","targetHints":{"allow":["GET"]}}],"collection":[{"href":"https:\/\/theglobalwizards.com\/nl\/wp-json\/wp\/v2\/posts"}],"about":[{"href":"https:\/\/theglobalwizards.com\/nl\/wp-json\/wp\/v2\/types\/post"}],"author":[{"embeddable":true,"href":"https:\/\/theglobalwizards.com\/nl\/wp-json\/wp\/v2\/users\/4"}],"replies":[{"embeddable":true,"href":"https:\/\/theglobalwizards.com\/nl\/wp-json\/wp\/v2\/comments?post=18748"}],"version-history":[{"count":0,"href":"https:\/\/theglobalwizards.com\/nl\/wp-json\/wp\/v2\/posts\/18748\/revisions"}],"wp:featuredmedia":[{"embeddable":true,"href":"https:\/\/theglobalwizards.com\/nl\/wp-json\/wp\/v2\/media\/18697"}],"wp:attachment":[{"href":"https:\/\/theglobalwizards.com\/nl\/wp-json\/wp\/v2\/media?parent=18748"}],"wp:term":[{"taxonomy":"category","embeddable":true,"href":"https:\/\/theglobalwizards.com\/nl\/wp-json\/wp\/v2\/categories?post=18748"},{"taxonomy":"post_tag","embeddable":true,"href":"https:\/\/theglobalwizards.com\/nl\/wp-json\/wp\/v2\/tags?post=18748"}],"curies":[{"name":"wp","href":"https:\/\/api.w.org\/{rel}","templated":true}]}}